
{"id":3926,"date":"2011-03-17T20:31:30","date_gmt":"2011-03-17T23:31:30","guid":{"rendered":"http:\/\/www.sudoestehoje.com.br\/novoportal\/?p=3926"},"modified":"2011-03-17T20:31:30","modified_gmt":"2011-03-17T23:31:30","slug":"comissao-aprova-fim-da-reeleicao-no-executivo","status":"publish","type":"post","link":"https:\/\/www.sudoestehoje.com.br\/novoportal\/2011\/03\/17\/comissao-aprova-fim-da-reeleicao-no-executivo\/","title":{"rendered":"COMISS\u00c3O APROVA FIM DA REELEI\u00c7\u00c3O NO EXECUTIVO"},"content":{"rendered":"<div>\n<p style=\"text-align: center;\"><img loading=\"lazy\" decoding=\"async\" class=\"aligncenter\" src=\"http:\/\/www.bahianoticias.com.br\/fotos\/editor\/Image\/plenariosenado(1).jpg\" alt=\"\" width=\"350\" height=\"235\" \/><\/p>\n<p>\u00a0<\/p>\n<p>A comiss\u00e3o especial da reforma pol\u00edtica no Senado aprovou o fim da reelei\u00e7\u00e3o e mandato de cinco anos para presidente da Rep\u00fablica, governadores e prefeitos, na tarde desta quinta-feira (17). A nova medida seria v\u00e1lida para os eleitos a partir de 2014, ent\u00e3o quem est\u00e1 no cargo hoje poderia tentar a reelei\u00e7\u00e3o mais uma vez.\u00a0<\/p>\n<p>Assim,\u00a0caso houver reelei\u00e7\u00e3o da presidente Dilma Rousseff, ela exerceria um mandato de nove anos, j\u00e1 que o segundo teria dura\u00e7\u00e3o de cinco. O presidente da comiss\u00e3o, Francisco Dornelles (PP-RJ), e o senador Aloysio Nunes Ferreira (PSDB-SP) foram os \u00fanicos a defender o modelo atual, de quatro anos, com direito \u00e0 reelei\u00e7\u00e3o. J\u00e1 o senador Itamar Franco (PPS-MG) d\u00f3i uma das principais vozes pelo fim da reelei\u00e7\u00e3o. Informa\u00e7\u00f5es do Estad\u00e3o.<\/p>\n<\/div>\n","protected":false},"excerpt":{"rendered":"<p>\u00a0 A comiss\u00e3o especial da reforma pol\u00edtica no Senado aprovou o fim da reelei\u00e7\u00e3o e mandato de cinco anos para presidente da Rep\u00fablica, governadores e prefeitos, na tarde desta quinta-feira (17). A nova medida seria v\u00e1lida para os eleitos a partir de 2014, ent\u00e3o quem est\u00e1 no cargo hoje poderia tentar a reelei\u00e7\u00e3o mais uma [&hellip;]<\/p>\n","protected":false},"author":2,"featured_media":0,"comment_status":"open","ping_status":"open","sticky":false,"template":"","format":"standard","meta":{"footnotes":"","_links_to":"","_links_to_target":""},"categories":[1],"tags":[],"class_list":["post-3926","post","type-post","status-publish","format-standard","hentry","category-geral"],"views":1098,"_links":{"self":[{"href":"https:\/\/www.sudoestehoje.com.br\/novoportal\/wp-json\/wp\/v2\/posts\/3926","targetHints":{"allow":["GET"]}}],"collection":[{"href":"https:\/\/www.sudoestehoje.com.br\/novoportal\/wp-json\/wp\/v2\/posts"}],"about":[{"href":"https:\/\/www.sudoestehoje.com.br\/novoportal\/wp-json\/wp\/v2\/types\/post"}],"author":[{"embeddable":true,"href":"https:\/\/www.sudoestehoje.com.br\/novoportal\/wp-json\/wp\/v2\/users\/2"}],"replies":[{"embeddable":true,"href":"https:\/\/www.sudoestehoje.com.br\/novoportal\/wp-json\/wp\/v2\/comments?post=3926"}],"version-history":[{"count":4,"href":"https:\/\/www.sudoestehoje.com.br\/novoportal\/wp-json\/wp\/v2\/posts\/3926\/revisions"}],"predecessor-version":[{"id":3930,"href":"https:\/\/www.sudoestehoje.com.br\/novoportal\/wp-json\/wp\/v2\/posts\/3926\/revisions\/3930"}],"wp:attachment":[{"href":"https:\/\/www.sudoestehoje.com.br\/novoportal\/wp-json\/wp\/v2\/media?parent=3926"}],"wp:term":[{"taxonomy":"category","embeddable":true,"href":"https:\/\/www.sudoestehoje.com.br\/novoportal\/wp-json\/wp\/v2\/categories?post=3926"},{"taxonomy":"post_tag","embeddable":true,"href":"https:\/\/www.sudoestehoje.com.br\/novoportal\/wp-json\/wp\/v2\/tags?post=3926"}],"curies":[{"name":"wp","href":"https:\/\/api.w.org\/{rel}","templated":true}]}}