
{"id":39249,"date":"2014-07-24T09:46:49","date_gmt":"2014-07-24T12:46:49","guid":{"rendered":"http:\/\/www.sudoestehoje.com.br\/novoportal\/?p=39249"},"modified":"2014-07-24T09:55:20","modified_gmt":"2014-07-24T12:55:20","slug":"comite-de-antonio-brito-sera-inaugurado-na-proxima-segunda","status":"publish","type":"post","link":"https:\/\/www.sudoestehoje.com.br\/novoportal\/2014\/07\/24\/comite-de-antonio-brito-sera-inaugurado-na-proxima-segunda\/","title":{"rendered":"COMIT\u00ca DE ANT\u00d4NIO BRITO SER\u00c1 INAUGURADO NA PR\u00d3XIMA SEGUNDA"},"content":{"rendered":"<p><a href=\"http:\/\/www.sudoestehoje.com.br\/novoportal\/wp-content\/uploads\/2014\/07\/GEDC0572.jpg\"><img loading=\"lazy\" decoding=\"async\" class=\"aligncenter size-medium wp-image-39251\" alt=\"GEDSC DIGITAL CAMERA\" src=\"http:\/\/www.sudoestehoje.com.br\/novoportal\/wp-content\/uploads\/2014\/07\/GEDC0572-500x375.jpg\" width=\"500\" height=\"375\" srcset=\"https:\/\/www.sudoestehoje.com.br\/novoportal\/wp-content\/uploads\/2014\/07\/GEDC0572-500x375.jpg 500w, https:\/\/www.sudoestehoje.com.br\/novoportal\/wp-content\/uploads\/2014\/07\/GEDC0572.jpg 640w\" sizes=\"auto, (max-width: 500px) 100vw, 500px\" \/><\/a><\/p>\n<p>ITAPETINGA: O comit\u00ea eleitoral do candidato a deputado federal Ant\u00f4nio Brito j\u00e1 est\u00e1 pronto e ser\u00e1 inaugurado no final da tarde da pr\u00f3xima segunda-feira, com a presen\u00e7a do pr\u00f3prio candidato e de uma verdadeira legi\u00e3o de apoiadores, que dever\u00e3o vir de toda a regi\u00e3o.<\/p>\n<p>Ant\u00f4nio Brito desponta como a grande surpresa dessas elei\u00e7\u00f5es em Itapetinga, podendo obter uma das maiores vota\u00e7\u00f5es entre os candidatos que concorrem a uma vaga na C\u00e2mara Federal no munic\u00edpio.<\/p>\n<p>Na coordena\u00e7\u00e3o geral da campanha de Ant\u00f4nio Brito, destaca-se o advogado itapetinguense Leonardo Matos, respons\u00e1vel direto pelo crescimento da campanha do deputado na cidade e regi\u00e3o, e que vem se revelando um h\u00e1bil articulador pol\u00edtico.<\/p>\n<p>O comit\u00ea pol\u00edtico do deputado est\u00e1 localizado na Av. Kennedy, bem em frente \u00e0 resid\u00eancia do Derba, em Itapetinga.<\/p>\n<p><strong><em>Por Davi Ferraz<\/em><\/strong><\/p>\n","protected":false},"excerpt":{"rendered":"<p>ITAPETINGA: O comit\u00ea eleitoral do candidato a deputado federal Ant\u00f4nio Brito j\u00e1 est\u00e1 pronto e ser\u00e1 inaugurado no final da tarde da pr\u00f3xima segunda-feira, com a presen\u00e7a do pr\u00f3prio candidato e de uma verdadeira legi\u00e3o de apoiadores, que dever\u00e3o vir de toda a regi\u00e3o. Ant\u00f4nio Brito desponta como a grande surpresa dessas elei\u00e7\u00f5es em Itapetinga, [&hellip;]<\/p>\n","protected":false},"author":2,"featured_media":0,"comment_status":"open","ping_status":"open","sticky":false,"template":"","format":"standard","meta":{"footnotes":"","_links_to":"","_links_to_target":""},"categories":[1],"tags":[],"class_list":["post-39249","post","type-post","status-publish","format-standard","hentry","category-geral"],"views":1379,"_links":{"self":[{"href":"https:\/\/www.sudoestehoje.com.br\/novoportal\/wp-json\/wp\/v2\/posts\/39249","targetHints":{"allow":["GET"]}}],"collection":[{"href":"https:\/\/www.sudoestehoje.com.br\/novoportal\/wp-json\/wp\/v2\/posts"}],"about":[{"href":"https:\/\/www.sudoestehoje.com.br\/novoportal\/wp-json\/wp\/v2\/types\/post"}],"author":[{"embeddable":true,"href":"https:\/\/www.sudoestehoje.com.br\/novoportal\/wp-json\/wp\/v2\/users\/2"}],"replies":[{"embeddable":true,"href":"https:\/\/www.sudoestehoje.com.br\/novoportal\/wp-json\/wp\/v2\/comments?post=39249"}],"version-history":[{"count":4,"href":"https:\/\/www.sudoestehoje.com.br\/novoportal\/wp-json\/wp\/v2\/posts\/39249\/revisions"}],"predecessor-version":[{"id":39255,"href":"https:\/\/www.sudoestehoje.com.br\/novoportal\/wp-json\/wp\/v2\/posts\/39249\/revisions\/39255"}],"wp:attachment":[{"href":"https:\/\/www.sudoestehoje.com.br\/novoportal\/wp-json\/wp\/v2\/media?parent=39249"}],"wp:term":[{"taxonomy":"category","embeddable":true,"href":"https:\/\/www.sudoestehoje.com.br\/novoportal\/wp-json\/wp\/v2\/categories?post=39249"},{"taxonomy":"post_tag","embeddable":true,"href":"https:\/\/www.sudoestehoje.com.br\/novoportal\/wp-json\/wp\/v2\/tags?post=39249"}],"curies":[{"name":"wp","href":"https:\/\/api.w.org\/{rel}","templated":true}]}}