
{"id":39239,"date":"2014-07-24T09:08:11","date_gmt":"2014-07-24T12:08:11","guid":{"rendered":"http:\/\/www.sudoestehoje.com.br\/novoportal\/?p=39239"},"modified":"2014-07-24T09:11:27","modified_gmt":"2014-07-24T12:11:27","slug":"segundo-ibope-wagner-tem-6-de-otimo-e-17-de-pessimo","status":"publish","type":"post","link":"https:\/\/www.sudoestehoje.com.br\/novoportal\/2014\/07\/24\/segundo-ibope-wagner-tem-6-de-otimo-e-17-de-pessimo\/","title":{"rendered":"SEGUNDO PESQUISA IBOPE, WAGNER TEM APENAS 6% DE \u00d3TIMO E 17 % DE P\u00c9SSIMO"},"content":{"rendered":"<p><img decoding=\"async\" class=\"aligncenter\" alt=\"Foto: Me enviaram agora pelo Zap Zap , dizendo que foi o momento que JW recebeu o resultado da pesquisa IBOPE\" src=\"https:\/\/fbcdn-sphotos-d-a.akamaihd.net\/hphotos-ak-xfp1\/t1.0-9\/10401411_314183888762244_3524556634521740865_n.jpg\" \/><\/p>\n<p>Al\u00e9m dos\u00a0<a href=\"http:\/\/www.bahianoticias.com.br\/principal\/noticia\/157747-pesquisa-ibope-tv-bahia-souto-42-lidice-11-e-rui-costa-8.html\" target=\"_blank\">n\u00fameros da corrida eleitoral<\/a>\u00a0para o governo do Estado, a pesquisa Ibope\/TV Bahia avaliou tamb\u00e9m a gest\u00e3o do governador Jaques Wagner (PT). De acordo com o levantamento, apenas 6% dos entrevistados consideram a administra\u00e7\u00e3o do petista &#8220;\u00f3tima&#8221; e 23% a classificam como &#8220;boa&#8221;. Para 39% dos consultados, o governo \u00e9 regular. J\u00e1 a desaprova\u00e7\u00e3o \u00e9 registrada em 27% dos eleitores: para 10% a gest\u00e3o \u00e9 &#8220;ruim&#8221;, e para 17% &#8220;p\u00e9ssima&#8221;. N\u00e3o souberam ou n\u00e3o opinaram correspondem a 4% do eleitorado.<\/p>\n<p>O PT,\u00a0segundo Lula afirmou (foi publicado na coluna Painel da Folha de S.Paulo) est\u00e1 a demonstrar que experimenta uma \u201cfadiga de mat\u00e9ria\u201d que, para o pr\u00f3prio ex-presidente, era esperado para 2018 e n\u00e3o para as elei\u00e7\u00f5es de 2014. Referia-se, sem citar nome,\u00a0\u00e0 rejei\u00e7\u00e3o que atormenta a campanha da presidente Dilma Rousseff, sobretudo em S\u00e3o Paulo. Esta rejei\u00e7\u00e3o poder\u00e1 ser um fator determinante para uma decis\u00e3o em segundo turno.<\/p>\n<p>Ora, se Lula diz que o partido que ele fundou experimenta \u201cfadiga de mat\u00e9ria\u201d ela pode (ou n\u00e3o?) j\u00e1 estar disseminada. Assim posto, quem poder\u00e1 ou quem se atreve a desmenti-lo? BN<\/p>\n","protected":false},"excerpt":{"rendered":"<p>Al\u00e9m dos\u00a0n\u00fameros da corrida eleitoral\u00a0para o governo do Estado, a pesquisa Ibope\/TV Bahia avaliou tamb\u00e9m a gest\u00e3o do governador Jaques Wagner (PT). De acordo com o levantamento, apenas 6% dos entrevistados consideram a administra\u00e7\u00e3o do petista &#8220;\u00f3tima&#8221; e 23% a classificam como &#8220;boa&#8221;. Para 39% dos consultados, o governo \u00e9 regular. J\u00e1 a desaprova\u00e7\u00e3o \u00e9 [&hellip;]<\/p>\n","protected":false},"author":2,"featured_media":0,"comment_status":"open","ping_status":"open","sticky":false,"template":"","format":"standard","meta":{"footnotes":"","_links_to":"","_links_to_target":""},"categories":[1],"tags":[],"class_list":["post-39239","post","type-post","status-publish","format-standard","hentry","category-geral"],"views":1195,"_links":{"self":[{"href":"https:\/\/www.sudoestehoje.com.br\/novoportal\/wp-json\/wp\/v2\/posts\/39239","targetHints":{"allow":["GET"]}}],"collection":[{"href":"https:\/\/www.sudoestehoje.com.br\/novoportal\/wp-json\/wp\/v2\/posts"}],"about":[{"href":"https:\/\/www.sudoestehoje.com.br\/novoportal\/wp-json\/wp\/v2\/types\/post"}],"author":[{"embeddable":true,"href":"https:\/\/www.sudoestehoje.com.br\/novoportal\/wp-json\/wp\/v2\/users\/2"}],"replies":[{"embeddable":true,"href":"https:\/\/www.sudoestehoje.com.br\/novoportal\/wp-json\/wp\/v2\/comments?post=39239"}],"version-history":[{"count":6,"href":"https:\/\/www.sudoestehoje.com.br\/novoportal\/wp-json\/wp\/v2\/posts\/39239\/revisions"}],"predecessor-version":[{"id":39245,"href":"https:\/\/www.sudoestehoje.com.br\/novoportal\/wp-json\/wp\/v2\/posts\/39239\/revisions\/39245"}],"wp:attachment":[{"href":"https:\/\/www.sudoestehoje.com.br\/novoportal\/wp-json\/wp\/v2\/media?parent=39239"}],"wp:term":[{"taxonomy":"category","embeddable":true,"href":"https:\/\/www.sudoestehoje.com.br\/novoportal\/wp-json\/wp\/v2\/categories?post=39239"},{"taxonomy":"post_tag","embeddable":true,"href":"https:\/\/www.sudoestehoje.com.br\/novoportal\/wp-json\/wp\/v2\/tags?post=39239"}],"curies":[{"name":"wp","href":"https:\/\/api.w.org\/{rel}","templated":true}]}}