
{"id":39230,"date":"2014-07-24T08:44:04","date_gmt":"2014-07-24T11:44:04","guid":{"rendered":"http:\/\/www.sudoestehoje.com.br\/novoportal\/?p=39230"},"modified":"2014-07-24T08:49:27","modified_gmt":"2014-07-24T11:49:27","slug":"ibope-para-o-senado-geddel-tem-o-dobro-de-otto-alencar","status":"publish","type":"post","link":"https:\/\/www.sudoestehoje.com.br\/novoportal\/2014\/07\/24\/ibope-para-o-senado-geddel-tem-o-dobro-de-otto-alencar\/","title":{"rendered":"IBOPE: PARA O SENADO, GEDDEL TEM O DOBRO DE OTTO ALENCAR"},"content":{"rendered":"<div style=\"text-align: left;\" align=\"center\"><b><b><\/b><\/b><img decoding=\"async\" class=\"aligncenter\" alt=\"\" src=\"http:\/\/ubaitabaurgente.com.br\/wp-content\/uploads\/2014\/05\/Geddel-e-Oto.jpg\" width=\"450\" \/><\/p>\n<p style=\"text-align: center;\"><em>SEGUNDO IBOPE, GEDDEL TEM 34%, OTTO 17% E ELIANA CALMON 5%<\/em><\/p>\n<p>A inaugura\u00e7\u00e3o do Comit\u00ea Central da chapa majorit\u00e1ria da oposi\u00e7\u00e3o nesta noite de quarta-feira (23) se transformou numa grande festa n\u00e3o apenas por reunir os candidatos, lideran\u00e7as pol\u00edticas e militantes dos partidos da coliga\u00e7\u00e3o Unidos pela Bahia, mas, principalmente, pelo evento acontecer exatamente no dia da divulga\u00e7\u00e3o da primeira pesquisa oficial do IBOPE, que revelou o quanto Geddel Vieira Lima (PMDB), que disputa o Senado da Rep\u00fablica, e Paulo Souto (DEM), o governo do Estado, est\u00e3o \u00e0 frente dos seus respectivos advers\u00e1rios. Geddel aparece com 34% das inten\u00e7\u00f5es de voto, o dobro de Otto Alencar (PSD), que ficou com 17%. J\u00e1 Paulo Souto alcan\u00e7ou 42%, seguido de L\u00eddice da Mata (PSB), com 11%, e Rui Costa (PT), com apenas 8%, n\u00e3o pontuando nem com dois d\u00edgitos.<\/p>\n<p>\u201cEssa pesquisa divulgada hoje \u00e9 uma demonstra\u00e7\u00e3o do que tenho dito. Foi a primeira pesquisa oficial do IBOPE, mas em 22 de maio o (jornal) Correio tamb\u00e9m publicou uma pesquisa e agora confirmamos que na medida em que o candidato do governo for conhecido, entendendo que \u00e9 s\u00f3cio, c\u00famplice da fal\u00eancia da seguran\u00e7a p\u00fablica, da regula\u00e7\u00e3o da sa\u00fade, que ele \u00e9 respons\u00e1vel pelo estado n\u00e3o ter constru\u00eddo uma \u00fanica barragem nos \u00faltimos anos, est\u00e1 a\u00ed o resultado. Mesmo com 60 dias usando toda a m\u00e1quina p\u00fablica, com muita propaganda e uma press\u00e3o inescrupulosa junto aos prefeitos do interior, o candidato, quando se tornou conhecido, caiu. Temos mais 60 dias para as elei\u00e7\u00f5es e se tornando mais conhecido vai cair mais e acabar terminando a elei\u00e7\u00e3o com 5%\u201d, declarou o peemedebista, que pretende devolver a esperan\u00e7a e a f\u00e9 no futuro da Bahia como parceiro de Paulo Souto e do prefeito ACM Neto.<\/p>\n<p id=\"yui_3_16_0_1_1406201247524_3298\"><!--more--><\/p>\n<p>Durante o evento, Geddel tamb\u00e9m comentou sobre a falta de habilidade da presidente Dilma manter as realiza\u00e7\u00f5es positivas dos governos de Fernando Henrique Cardoso e Lula. \u201cDilma deixa as conquistas escorrer pelos dedos, a infla\u00e7\u00e3o est\u00e1 de volta e o desemprego bate \u00e0 porta. A\u00e9cio \u00e9 um brasileiro preparado para os desafios do Brasil contempor\u00e2neo\u201d, completou, motivado pelo seu desejo de ser Senador para defender os interesses dos baianos e resgatar a import\u00e2ncia da Bahia no Senado Federal.<\/p>\n<p>Mesmo encarando os n\u00fameros com humildade, o prefeito ACM Neto disse estar confiante na vit\u00f3ria da chapa no primeiro turno. \u201cOs n\u00fameros motivam e trazem um entusiasmo que refor\u00e7a a nossa disposi\u00e7\u00e3o de luta. Mas cada voto ser\u00e1 decisivo e fundamental para escrever um futuro melhor para a Bahia e os baianos, que precisam de uma voz firme, decidida e corajosa como a de Geddel, que tem garra para colocar a Bahia em primeiro lugar, lutando com unhas e dentes e com toda sua for\u00e7a para defender os nossos interesses\u201d, afirmou Neto.<\/p>\n<p>O democrata Paulo Souto comentou que a Bahia viveu recentemente um per\u00edodo marcado pelo autoritarismo na tentativa de impor um candidato que n\u00e3o tem aprova\u00e7\u00e3o dos baianos. \u201cN\u00e3o adiantou propaganda exagerada, o uso desregrado da m\u00e1quina p\u00fablica nem tanta press\u00e3o. O povo j\u00e1 conhece o que eles n\u00e3o foram capazes de fazer\u201d, avaliou Souto.<\/p>\n<p>Participaram do encontro deputados estaduais e federais, vereadores da capital e do interior do estado, militantes e diversas lideran\u00e7as que fizeram quest\u00e3o de confirmar o apoio \u00e0 chapa oposicionista e celebrar juntos os n\u00fameros que deve conduzir \u00e0 vit\u00f3ria nas urnas no pr\u00f3ximo dia 05\/10.<\/p>\n<p><b><span style=\"color: #000000; font-family: Calibri;\"><br \/>\n<\/span><\/b><\/p>\n<\/div>\n<p><span style=\"color: #000000; font-family: Calibri; line-height: 1.5em;\">\u00a0<\/span><\/p>\n","protected":false},"excerpt":{"rendered":"<p>SEGUNDO IBOPE, GEDDEL TEM 34%, OTTO 17% E ELIANA CALMON 5% A inaugura\u00e7\u00e3o do Comit\u00ea Central da chapa majorit\u00e1ria da oposi\u00e7\u00e3o nesta noite de quarta-feira (23) se transformou numa grande festa n\u00e3o apenas por reunir os candidatos, lideran\u00e7as pol\u00edticas e militantes dos partidos da coliga\u00e7\u00e3o Unidos pela Bahia, mas, principalmente, pelo evento acontecer exatamente no [&hellip;]<\/p>\n","protected":false},"author":2,"featured_media":0,"comment_status":"open","ping_status":"open","sticky":false,"template":"","format":"standard","meta":{"footnotes":"","_links_to":"","_links_to_target":""},"categories":[1],"tags":[],"class_list":["post-39230","post","type-post","status-publish","format-standard","hentry","category-geral"],"views":1416,"_links":{"self":[{"href":"https:\/\/www.sudoestehoje.com.br\/novoportal\/wp-json\/wp\/v2\/posts\/39230","targetHints":{"allow":["GET"]}}],"collection":[{"href":"https:\/\/www.sudoestehoje.com.br\/novoportal\/wp-json\/wp\/v2\/posts"}],"about":[{"href":"https:\/\/www.sudoestehoje.com.br\/novoportal\/wp-json\/wp\/v2\/types\/post"}],"author":[{"embeddable":true,"href":"https:\/\/www.sudoestehoje.com.br\/novoportal\/wp-json\/wp\/v2\/users\/2"}],"replies":[{"embeddable":true,"href":"https:\/\/www.sudoestehoje.com.br\/novoportal\/wp-json\/wp\/v2\/comments?post=39230"}],"version-history":[{"count":7,"href":"https:\/\/www.sudoestehoje.com.br\/novoportal\/wp-json\/wp\/v2\/posts\/39230\/revisions"}],"predecessor-version":[{"id":39238,"href":"https:\/\/www.sudoestehoje.com.br\/novoportal\/wp-json\/wp\/v2\/posts\/39230\/revisions\/39238"}],"wp:attachment":[{"href":"https:\/\/www.sudoestehoje.com.br\/novoportal\/wp-json\/wp\/v2\/media?parent=39230"}],"wp:term":[{"taxonomy":"category","embeddable":true,"href":"https:\/\/www.sudoestehoje.com.br\/novoportal\/wp-json\/wp\/v2\/categories?post=39230"},{"taxonomy":"post_tag","embeddable":true,"href":"https:\/\/www.sudoestehoje.com.br\/novoportal\/wp-json\/wp\/v2\/tags?post=39230"}],"curies":[{"name":"wp","href":"https:\/\/api.w.org\/{rel}","templated":true}]}}