
{"id":39218,"date":"2014-07-24T00:05:18","date_gmt":"2014-07-24T03:05:18","guid":{"rendered":"http:\/\/www.sudoestehoje.com.br\/novoportal\/?p=39218"},"modified":"2014-07-24T00:51:57","modified_gmt":"2014-07-24T03:51:57","slug":"timoteo-brito-recebe-liderancas-da-regiao-em-itapetinga","status":"publish","type":"post","link":"https:\/\/www.sudoestehoje.com.br\/novoportal\/2014\/07\/24\/timoteo-brito-recebe-liderancas-da-regiao-em-itapetinga\/","title":{"rendered":"TIM\u00d3TEO BRITO RECEBE LIDERAN\u00c7AS DA REGI\u00c3O EM ITAPETINGA"},"content":{"rendered":"<p><a href=\"http:\/\/www.sudoestehoje.com.br\/novoportal\/wp-content\/uploads\/2014\/07\/GEDC0574.jpg\"><img loading=\"lazy\" decoding=\"async\" class=\"aligncenter size-medium wp-image-39219\" alt=\"GEDSC DIGITAL CAMERA\" src=\"http:\/\/www.sudoestehoje.com.br\/novoportal\/wp-content\/uploads\/2014\/07\/GEDC0574-500x375.jpg\" width=\"500\" height=\"375\" srcset=\"https:\/\/www.sudoestehoje.com.br\/novoportal\/wp-content\/uploads\/2014\/07\/GEDC0574-500x375.jpg 500w, https:\/\/www.sudoestehoje.com.br\/novoportal\/wp-content\/uploads\/2014\/07\/GEDC0574.jpg 640w\" sizes=\"auto, (max-width: 500px) 100vw, 500px\" \/><\/a><\/p>\n<p>Nesta quarta-feira, o deputado estadual Tim\u00f3teo Brito (PSD) recebeu in\u00fameros l\u00edderes pol\u00edticos da micro regi\u00e3o de Itapetinga, em um concorrido almo\u00e7o no Coroas Country Club, com o objetivo de integrar a sua base de apoio e discutir novas alternativas econ\u00f4micas para a regi\u00e3o.<\/p>\n<p><a href=\"http:\/\/www.sudoestehoje.com.br\/novoportal\/wp-content\/uploads\/2014\/07\/GEDC0575.jpg\"><img loading=\"lazy\" decoding=\"async\" class=\"aligncenter size-medium wp-image-39220\" alt=\"GEDSC DIGITAL CAMERA\" src=\"http:\/\/www.sudoestehoje.com.br\/novoportal\/wp-content\/uploads\/2014\/07\/GEDC0575-500x375.jpg\" width=\"500\" height=\"375\" srcset=\"https:\/\/www.sudoestehoje.com.br\/novoportal\/wp-content\/uploads\/2014\/07\/GEDC0575-500x375.jpg 500w, https:\/\/www.sudoestehoje.com.br\/novoportal\/wp-content\/uploads\/2014\/07\/GEDC0575.jpg 640w\" sizes=\"auto, (max-width: 500px) 100vw, 500px\" \/><\/a><\/p>\n<p>Estiverem presentes no encontro os prefeitos de Itarantim e Maiquinique, Paulo Fernandes e Minininha, a ex vice-prefeita de Itapetinga K\u00e1tia Espinheira, o ex-prefeito de Itarantim C\u00edcero Alencar, os vereadores Jo\u00e3o de Deus e Jo\u00e3o Carlos, vereadores de Itarantim, Maiquinique e Ibicu\u00ed, e o advogado Leonardo Matos, representando o deputado federal Ant\u00f4nio Brito.<\/p>\n<p><a href=\"http:\/\/www.sudoestehoje.com.br\/novoportal\/wp-content\/uploads\/2014\/07\/GEDC0576.jpg\"><img loading=\"lazy\" decoding=\"async\" class=\"aligncenter size-medium wp-image-39221\" alt=\"GEDSC DIGITAL CAMERA\" src=\"http:\/\/www.sudoestehoje.com.br\/novoportal\/wp-content\/uploads\/2014\/07\/GEDC0576-500x375.jpg\" width=\"500\" height=\"375\" srcset=\"https:\/\/www.sudoestehoje.com.br\/novoportal\/wp-content\/uploads\/2014\/07\/GEDC0576-500x375.jpg 500w, https:\/\/www.sudoestehoje.com.br\/novoportal\/wp-content\/uploads\/2014\/07\/GEDC0576.jpg 640w\" sizes=\"auto, (max-width: 500px) 100vw, 500px\" \/><\/a><\/p>\n<p>Coube ao Dr. Dilvan Coelho, assessor de marketing da campanha do deputado Tim\u00f3teo Brito, dirigir a reuni\u00e3o e alertar para a necessidade de elabora\u00e7\u00e3o de um projeto de desenvolvimento para a regi\u00e3o, citando o exemplo vitorioso de Teixeira de Freitas, terra onde o deputado Tim\u00f3teo fez a sua carreira pol\u00edtica e contribuiu decisivamente para o seu desenvolvimento.<\/p>\n<p><a href=\"http:\/\/www.sudoestehoje.com.br\/novoportal\/wp-content\/uploads\/2014\/07\/GEDC0583.jpg\"><img loading=\"lazy\" decoding=\"async\" class=\"aligncenter size-medium wp-image-39222\" alt=\"GEDSC DIGITAL CAMERA\" src=\"http:\/\/www.sudoestehoje.com.br\/novoportal\/wp-content\/uploads\/2014\/07\/GEDC0583-500x375.jpg\" width=\"500\" height=\"375\" srcset=\"https:\/\/www.sudoestehoje.com.br\/novoportal\/wp-content\/uploads\/2014\/07\/GEDC0583-500x375.jpg 500w, https:\/\/www.sudoestehoje.com.br\/novoportal\/wp-content\/uploads\/2014\/07\/GEDC0583.jpg 640w\" sizes=\"auto, (max-width: 500px) 100vw, 500px\" \/><\/a><\/p>\n<p>Depois das falas de K\u00e1tia Espinheira, C\u00edcero Alencar, Jo\u00e3o de Deus e da prefeita Minininha, o prefeito Paulo Fernandes expressou a sua preocupa\u00e7\u00e3o com a quest\u00e3o do desemprego na regi\u00e3o, que agravou com o fechamento das filiais da Azaleia em 2012, e que ainda n\u00e3o foi enfrentado de forma decisiva pelo governo e lideran\u00e7as regionais.<\/p>\n<p><a href=\"http:\/\/www.sudoestehoje.com.br\/novoportal\/wp-content\/uploads\/2014\/07\/GEDC0577.jpg\"><img loading=\"lazy\" decoding=\"async\" class=\"aligncenter size-medium wp-image-39223\" alt=\"GEDSC DIGITAL CAMERA\" src=\"http:\/\/www.sudoestehoje.com.br\/novoportal\/wp-content\/uploads\/2014\/07\/GEDC0577-500x375.jpg\" width=\"500\" height=\"375\" srcset=\"https:\/\/www.sudoestehoje.com.br\/novoportal\/wp-content\/uploads\/2014\/07\/GEDC0577-500x375.jpg 500w, https:\/\/www.sudoestehoje.com.br\/novoportal\/wp-content\/uploads\/2014\/07\/GEDC0577.jpg 640w\" sizes=\"auto, (max-width: 500px) 100vw, 500px\" \/><\/a><\/p>\n<p>Por fim, usou da palavra o deputado Tim\u00f3teo, que exp\u00f4s sobre a sua trajet\u00f3ria pol\u00edtica e se comprometeu em engajar na luta pela recupera\u00e7\u00e3o econ\u00f4mica da regi\u00e3o, anunciando a vinda de empresas do sul do pa\u00eds, para reativar os antigos galp\u00f5es da Azal\u00e9ia, com a implanta\u00e7\u00e3o de novas ind\u00fastrias. Tim\u00f3teo garantiu tamb\u00e9m que ser\u00e1 um representante sempre presente na regi\u00e3o, onde viveu at\u00e9 os 25 anos de idade, antes de se mudar para o extremo sul baiano.<\/p>\n<p><strong><em>Por Davi Ferraz<\/em><\/strong><\/p>\n<p>&nbsp;<\/p>\n<p><img loading=\"lazy\" decoding=\"async\" class=\"aligncenter\" alt=\"\" src=\"http:\/\/www.chichester.ac.uk\/Global\/ARAMARK\/Subway.jpg\" width=\"500\" height=\"218\" \/><\/p>\n","protected":false},"excerpt":{"rendered":"<p>Nesta quarta-feira, o deputado estadual Tim\u00f3teo Brito (PSD) recebeu in\u00fameros l\u00edderes pol\u00edticos da micro regi\u00e3o de Itapetinga, em um concorrido almo\u00e7o no Coroas Country Club, com o objetivo de integrar a sua base de apoio e discutir novas alternativas econ\u00f4micas para a regi\u00e3o. Estiverem presentes no encontro os prefeitos de Itarantim e Maiquinique, Paulo Fernandes [&hellip;]<\/p>\n","protected":false},"author":2,"featured_media":0,"comment_status":"open","ping_status":"open","sticky":false,"template":"","format":"standard","meta":{"footnotes":"","_links_to":"","_links_to_target":""},"categories":[1],"tags":[],"class_list":["post-39218","post","type-post","status-publish","format-standard","hentry","category-geral"],"views":1898,"_links":{"self":[{"href":"https:\/\/www.sudoestehoje.com.br\/novoportal\/wp-json\/wp\/v2\/posts\/39218","targetHints":{"allow":["GET"]}}],"collection":[{"href":"https:\/\/www.sudoestehoje.com.br\/novoportal\/wp-json\/wp\/v2\/posts"}],"about":[{"href":"https:\/\/www.sudoestehoje.com.br\/novoportal\/wp-json\/wp\/v2\/types\/post"}],"author":[{"embeddable":true,"href":"https:\/\/www.sudoestehoje.com.br\/novoportal\/wp-json\/wp\/v2\/users\/2"}],"replies":[{"embeddable":true,"href":"https:\/\/www.sudoestehoje.com.br\/novoportal\/wp-json\/wp\/v2\/comments?post=39218"}],"version-history":[{"count":4,"href":"https:\/\/www.sudoestehoje.com.br\/novoportal\/wp-json\/wp\/v2\/posts\/39218\/revisions"}],"predecessor-version":[{"id":39227,"href":"https:\/\/www.sudoestehoje.com.br\/novoportal\/wp-json\/wp\/v2\/posts\/39218\/revisions\/39227"}],"wp:attachment":[{"href":"https:\/\/www.sudoestehoje.com.br\/novoportal\/wp-json\/wp\/v2\/media?parent=39218"}],"wp:term":[{"taxonomy":"category","embeddable":true,"href":"https:\/\/www.sudoestehoje.com.br\/novoportal\/wp-json\/wp\/v2\/categories?post=39218"},{"taxonomy":"post_tag","embeddable":true,"href":"https:\/\/www.sudoestehoje.com.br\/novoportal\/wp-json\/wp\/v2\/tags?post=39218"}],"curies":[{"name":"wp","href":"https:\/\/api.w.org\/{rel}","templated":true}]}}