
{"id":39195,"date":"2014-07-24T20:00:13","date_gmt":"2014-07-24T23:00:13","guid":{"rendered":"http:\/\/www.sudoestehoje.com.br\/novoportal\/?p=39195"},"modified":"2014-07-24T20:35:29","modified_gmt":"2014-07-24T23:35:29","slug":"pmdb-de-itapetinga-realiza-encontro-nesta-sexta-feira","status":"publish","type":"post","link":"https:\/\/www.sudoestehoje.com.br\/novoportal\/2014\/07\/24\/pmdb-de-itapetinga-realiza-encontro-nesta-sexta-feira\/","title":{"rendered":"PMDB DE ITAPETINGA REALIZA ENCONTRO NESTA SEXTA-FEIRA"},"content":{"rendered":"<p><img decoding=\"async\" class=\"aligncenter\" alt=\"\" src=\"https:\/\/fbcdn-sphotos-c-a.akamaihd.net\/hphotos-ak-xpf1\/t1.0-9\/10574263_670484189699897_466606689930618024_n.jpg\" width=\"500\" \/><\/p>\n<p>Na pr\u00f3xima sexta, no plen\u00e1rio da c\u00e2mara de vereadores, ser\u00e1 realizado um encontro promovido pelo Diret\u00f3rio Municipal do PMDB, com a finalidade de apresentar \u00e0 sua milit\u00e2ncia os nomes que ter\u00e3o apoio do partido, para as elei\u00e7\u00f5es de outubro.<\/p>\n<p>No encontro que est\u00e1 sendo convocado pelo ex-prefeito Michel Hagge, ser\u00e1 empossado o novo presidente da legenda no munic\u00edpio, Darwin Renan Almeida da Silva, atual vice-presidente do PMDB local, que substituir\u00e1 a ex-presidente K\u00e1tia Espinheira, que pediu desfilia\u00e7\u00e3o. Outros membros do executiva municipal tamb\u00e9m ser\u00e3o empossados.<\/p>\n<p>Dentre os convidados, est\u00e1 confirmada a presen\u00e7a do l\u00edder conquistense Herzem Gusm\u00e3o, postulante a uma vaga na Assembl\u00e9ia Legislativa, cuja candidatura j\u00e1 recebeu o apoio formal de Michel Hagge e demais lideran\u00e7as do PMDB de Itapetinga, devendo fazer uma dobradinha no munic\u00edpio com o deputado federal L\u00facio Vieira Lima.<\/p>\n<p>Atrav\u00e9s dos meios de imprensa e carros de som, Michel Hagge j\u00e1 est\u00e1 convocando toda a milit\u00e2ncia do partido, para o encontro que est\u00e1 previsto para as 19h desta sexta-feira.<\/p>\n<p><strong><em>Por Davi Ferraz<\/em><\/strong><\/p>\n<p>&nbsp;<\/p>\n<p><img decoding=\"async\" class=\"aligncenter\" alt=\"\u00d3TICA-ITAPUAN-BANNER1\" src=\"http:\/\/www.sudoestehoje.com.br\/novoportal\/wp-content\/uploads\/2014\/06\/%C3%93TICA-ITAPUAN-BANNER14.jpg\" \/><\/p>\n","protected":false},"excerpt":{"rendered":"<p>Na pr\u00f3xima sexta, no plen\u00e1rio da c\u00e2mara de vereadores, ser\u00e1 realizado um encontro promovido pelo Diret\u00f3rio Municipal do PMDB, com a finalidade de apresentar \u00e0 sua milit\u00e2ncia os nomes que ter\u00e3o apoio do partido, para as elei\u00e7\u00f5es de outubro. No encontro que est\u00e1 sendo convocado pelo ex-prefeito Michel Hagge, ser\u00e1 empossado o novo presidente da [&hellip;]<\/p>\n","protected":false},"author":2,"featured_media":0,"comment_status":"open","ping_status":"open","sticky":false,"template":"","format":"standard","meta":{"footnotes":"","_links_to":"","_links_to_target":""},"categories":[1],"tags":[],"class_list":["post-39195","post","type-post","status-publish","format-standard","hentry","category-geral"],"views":1274,"_links":{"self":[{"href":"https:\/\/www.sudoestehoje.com.br\/novoportal\/wp-json\/wp\/v2\/posts\/39195","targetHints":{"allow":["GET"]}}],"collection":[{"href":"https:\/\/www.sudoestehoje.com.br\/novoportal\/wp-json\/wp\/v2\/posts"}],"about":[{"href":"https:\/\/www.sudoestehoje.com.br\/novoportal\/wp-json\/wp\/v2\/types\/post"}],"author":[{"embeddable":true,"href":"https:\/\/www.sudoestehoje.com.br\/novoportal\/wp-json\/wp\/v2\/users\/2"}],"replies":[{"embeddable":true,"href":"https:\/\/www.sudoestehoje.com.br\/novoportal\/wp-json\/wp\/v2\/comments?post=39195"}],"version-history":[{"count":5,"href":"https:\/\/www.sudoestehoje.com.br\/novoportal\/wp-json\/wp\/v2\/posts\/39195\/revisions"}],"predecessor-version":[{"id":39262,"href":"https:\/\/www.sudoestehoje.com.br\/novoportal\/wp-json\/wp\/v2\/posts\/39195\/revisions\/39262"}],"wp:attachment":[{"href":"https:\/\/www.sudoestehoje.com.br\/novoportal\/wp-json\/wp\/v2\/media?parent=39195"}],"wp:term":[{"taxonomy":"category","embeddable":true,"href":"https:\/\/www.sudoestehoje.com.br\/novoportal\/wp-json\/wp\/v2\/categories?post=39195"},{"taxonomy":"post_tag","embeddable":true,"href":"https:\/\/www.sudoestehoje.com.br\/novoportal\/wp-json\/wp\/v2\/tags?post=39195"}],"curies":[{"name":"wp","href":"https:\/\/api.w.org\/{rel}","templated":true}]}}