
{"id":39187,"date":"2014-07-23T19:46:42","date_gmt":"2014-07-23T22:46:42","guid":{"rendered":"http:\/\/www.sudoestehoje.com.br\/novoportal\/?p=39187"},"modified":"2014-07-23T21:12:36","modified_gmt":"2014-07-24T00:12:36","slug":"pesquisa-ibope-mostra-paulo-souto-com-42-lidice-da-mata-11-e-rui-costa-8","status":"publish","type":"post","link":"https:\/\/www.sudoestehoje.com.br\/novoportal\/2014\/07\/23\/pesquisa-ibope-mostra-paulo-souto-com-42-lidice-da-mata-11-e-rui-costa-8\/","title":{"rendered":"PESQUISA IBOPE MOSTRA PAULO SOUTO COM 42%, L\u00cdDICE DA MATA 11% E RUI COSTA 8%"},"content":{"rendered":"<p><a href=\"http:\/\/www.sudoestehoje.com.br\/novoportal\/wp-content\/uploads\/2014\/07\/Paulo-L\u00eddice-e-Rui.jpg\"><img loading=\"lazy\" decoding=\"async\" class=\"aligncenter size-full wp-image-39191\" alt=\"Paulo-L\u00eddice-e-Rui\" src=\"http:\/\/www.sudoestehoje.com.br\/novoportal\/wp-content\/uploads\/2014\/07\/Paulo-L\u00eddice-e-Rui.jpg\" width=\"500\" height=\"288\" \/><\/a><\/p>\n<p>A mais pesquisa Ibope\/TV Bahia, divulgada no BATV nesta quarta-feira (23), aponta novamente a possibilidade de Paulo Souto vencer a elei\u00e7\u00e3o estadual, ainda no primeiro turno, considerando a enorme vantagem do democrata em rela\u00e7\u00e3o aos demais candidatos.<\/p>\n<p>Conforme os n\u00fameros do levantamento estimulado, quando \u00e9 oferecida a lista de postulantes, o candidato do DEM, Paulo Souto, segue na lideran\u00e7a com 42%, o mesmo porcentual da \u00faltima consulta (42%),\u00a0<a href=\"http:\/\/www.bahianoticias.com.br\/noticia\/154979-ibope-souto-lidera-pesquisa-espontanea-com-13-e-geddel-aparece-empatado-com-rui.html\" target=\"_blank\">publicada em maio<\/a>.\u00a0L\u00eddice da Mata (PSB) manteve os 11% na segunda posi\u00e7\u00e3o.\u00a0Rui Costa (PT) aparece em terceiro lugar, com 8% \u2013 menos do que m\u00eas 5, quando o petista computava 9%. Da Luz (PRTB) obteve 2% das inten\u00e7\u00f5es de voto. Marcos Mendes (PSOL) e Renata Mallet (PSTU) obtiveram 1%. Brancos e nulos somam 18%, enquanto 17% n\u00e3o souberam responder ou preferiram n\u00e3o opinar.<\/p>\n<p><strong>REJEI\u00c7\u00c3O DOS CANDIDATOS<\/strong><\/p>\n<p>Da Luz tem 27% de rejei\u00e7\u00e3o, L\u00eddice tem 20%, Souto e Rui t\u00eam 18% cada um. Renata e Mendes t\u00eam 13% de rejei\u00e7\u00e3o. 11% n\u00e3o rejeitaram nenhum dos candidatos e 25% n\u00e3o souberam ou n\u00e3o opinaram.<\/p>\n<p><strong>GEST\u00c3O WAGNER<\/strong><\/p>\n<p>6% classificam a gest\u00e3o de Jaques Wagner \u00f3tima, 23% consideram boa, 39% avaliam como regular, enquanto 10% acham ruim e 17% p\u00e9ssima, enquanto 4% n\u00e3o souberam opinar.<\/p>\n<p>A pesquisa ouviu 1.008 eleitores de 19 a 21 de julho em 59 munic\u00edpios. A margem de erro \u00e9 de tr\u00eas pontos percentuais.<\/p>\n<p>N\u00e3o foram informados os n\u00fameros da disputa pelo Senado. O Ibope ouviu 1.008 entrevistados entre 18 e 23 de julho. O n\u00edvel de confian\u00e7a \u00e9 de 95% e a margem de erro \u00e9 de tr\u00eas pontos porcentuais para mais ou para menos. A amostragem foi registrada no Tribunal Superior Eleitoral (TSE) sob o n\u00famero BA-00006\/2014.<\/p>\n<p>&nbsp;<\/p>\n<p><img decoding=\"async\" class=\"aligncenter\" alt=\"SERVLAR BANNER\" src=\"http:\/\/www.sudoestehoje.com.br\/novoportal\/wp-content\/uploads\/2014\/06\/SERVLAR-BANNER4-500x178.jpg\" \/><\/p>\n","protected":false},"excerpt":{"rendered":"<p>A mais pesquisa Ibope\/TV Bahia, divulgada no BATV nesta quarta-feira (23), aponta novamente a possibilidade de Paulo Souto vencer a elei\u00e7\u00e3o estadual, ainda no primeiro turno, considerando a enorme vantagem do democrata em rela\u00e7\u00e3o aos demais candidatos. Conforme os n\u00fameros do levantamento estimulado, quando \u00e9 oferecida a lista de postulantes, o candidato do DEM, Paulo [&hellip;]<\/p>\n","protected":false},"author":2,"featured_media":0,"comment_status":"open","ping_status":"open","sticky":false,"template":"","format":"standard","meta":{"footnotes":"","_links_to":"","_links_to_target":""},"categories":[1],"tags":[],"class_list":["post-39187","post","type-post","status-publish","format-standard","hentry","category-geral"],"views":1125,"_links":{"self":[{"href":"https:\/\/www.sudoestehoje.com.br\/novoportal\/wp-json\/wp\/v2\/posts\/39187","targetHints":{"allow":["GET"]}}],"collection":[{"href":"https:\/\/www.sudoestehoje.com.br\/novoportal\/wp-json\/wp\/v2\/posts"}],"about":[{"href":"https:\/\/www.sudoestehoje.com.br\/novoportal\/wp-json\/wp\/v2\/types\/post"}],"author":[{"embeddable":true,"href":"https:\/\/www.sudoestehoje.com.br\/novoportal\/wp-json\/wp\/v2\/users\/2"}],"replies":[{"embeddable":true,"href":"https:\/\/www.sudoestehoje.com.br\/novoportal\/wp-json\/wp\/v2\/comments?post=39187"}],"version-history":[{"count":7,"href":"https:\/\/www.sudoestehoje.com.br\/novoportal\/wp-json\/wp\/v2\/posts\/39187\/revisions"}],"predecessor-version":[{"id":39193,"href":"https:\/\/www.sudoestehoje.com.br\/novoportal\/wp-json\/wp\/v2\/posts\/39187\/revisions\/39193"}],"wp:attachment":[{"href":"https:\/\/www.sudoestehoje.com.br\/novoportal\/wp-json\/wp\/v2\/media?parent=39187"}],"wp:term":[{"taxonomy":"category","embeddable":true,"href":"https:\/\/www.sudoestehoje.com.br\/novoportal\/wp-json\/wp\/v2\/categories?post=39187"},{"taxonomy":"post_tag","embeddable":true,"href":"https:\/\/www.sudoestehoje.com.br\/novoportal\/wp-json\/wp\/v2\/tags?post=39187"}],"curies":[{"name":"wp","href":"https:\/\/api.w.org\/{rel}","templated":true}]}}