
{"id":39173,"date":"2014-07-23T18:22:47","date_gmt":"2014-07-23T21:22:47","guid":{"rendered":"http:\/\/www.sudoestehoje.com.br\/novoportal\/?p=39173"},"modified":"2014-07-24T01:05:44","modified_gmt":"2014-07-24T04:05:44","slug":"39173","status":"publish","type":"post","link":"https:\/\/www.sudoestehoje.com.br\/novoportal\/2014\/07\/23\/39173\/","title":{"rendered":"GREVE NA REDE MUNICIPAL DE ITAPETINGA! ANTES N\u00c3O TINHA, AGORA TEM!"},"content":{"rendered":"<p><a href=\"http:\/\/www.sudoestehoje.com.br\/novoportal\/wp-content\/uploads\/2014\/07\/GEDC0571.jpg\"><img loading=\"lazy\" decoding=\"async\" class=\"aligncenter size-medium wp-image-39174\" alt=\"GEDSC DIGITAL CAMERA\" src=\"http:\/\/www.sudoestehoje.com.br\/novoportal\/wp-content\/uploads\/2014\/07\/GEDC0571-500x375.jpg\" width=\"500\" height=\"375\" srcset=\"https:\/\/www.sudoestehoje.com.br\/novoportal\/wp-content\/uploads\/2014\/07\/GEDC0571-500x375.jpg 500w, https:\/\/www.sudoestehoje.com.br\/novoportal\/wp-content\/uploads\/2014\/07\/GEDC0571.jpg 640w\" sizes=\"auto, (max-width: 500px) 100vw, 500px\" \/><\/a><\/p>\n<p>N\u00f3s, professores da Rede Municipal de Itapetinga, iniciamos o segundo semestre com o mesmo compromisso que temos com a educa\u00e7\u00e3o p\u00fablica, gratuita, democr\u00e1tica, e de qualidade.<\/p>\n<p>Durante o recesso, tentamos mais uma vez negociar o reajuste salarial com a administra\u00e7\u00e3o, no entanto a gest\u00e3o municipal, n\u00e3o demonstrou interesse em resolver a quest\u00e3o do reajuste, por isso n\u00e3o nos restou outra alternativa a n\u00e3o ser decretar a greve. Informamos que a partir de quinta-feira dia 17 de julho, n\u00e3o ter\u00e1 aula, at\u00e9 que a Administra\u00e7\u00e3o Municipal nos conceda o reajuste.<\/p>\n<p>Diante da omiss\u00e3o do prefeito municipal frente \u00e0s reivindica\u00e7\u00f5es dos professores e a demonstra\u00e7\u00e3o clara de despreparo da secret\u00e1ria de educa\u00e7\u00e3o em conduzir o processo de negocia\u00e7\u00e3o de reajuste salarial,\u00a0\u00a0n\u00f3s professores da Rede Municipal de Itapetinga decidimos\u00a0deflagrar a\u00a0GREVE.<\/p>\n<p>Informamos que a APLB Sindicato desde janeiro vem discutindo com a Administra\u00e7\u00e3o Municipal o reajuste anual, sem sucesso, visto que a administra\u00e7\u00e3o tem demonstrado falta de vontade pol\u00edtica em resolver essa quest\u00e3o.<\/p>\n<p>OS FATOS:<\/p>\n<p>A Prefeitura Municipal recebeu do\u00a0FUNDEB<b>\u00a0<\/b>at\u00e9 o m\u00eas de junho 2014\u00a0R$ 14.928.405,33<b>,\u00a0<\/b>deste valor 60% obrigatoriamente no m\u00ednimo deve ser aplicado no pagamento dos Professores.<\/p>\n<p>A lei do piso salarial disp\u00f5e que o sal\u00e1rio do professor deve ser reajustado no m\u00eas de janeiro. O MEC indicou um reajuste para 2014 de 8.32%.\u00a0\u00a0Entretanto, a administra\u00e7\u00e3o n\u00e3o concedeu o reajuste no m\u00eas referido e apresentou uma proposta de 3% em junho e mais 3% em setembro, sem o retroativo a janeiro, o que vai contra a Lei do Piso Salarial.<\/p>\n<p>Preocupada em n\u00e3o prejudicar o processo educacional no munic\u00edpio nem comprometer o ano letivo, a APLB Sindicato, depois de muitas discuss\u00f5es, apresentou na audi\u00eancia do dia 10\/07\/2014, uma contraproposta de 2% retroativo a janeiro e mais 5% a partir de agosto. A secret\u00e1ria de educa\u00e7\u00e3o se comprometeu em analisar a proposta junto ao assessor cont\u00e1bil da prefeitura e encaminhar uma resposta \u00e0 categoria dos professores at\u00e9 o dia 14\/07, o que n\u00e3o ocorreu levando os professores ao extremo de sua luta que \u00e9 a\u00a0GREVE.<\/p>\n<p>Cientes de que a nossa causa \u00e9 justa, solicitamos o apoio e compreens\u00e3o da comunidade que servimos e em especial dos pais e alunos.<\/p>\n<p style=\"text-align: center;\">Pais n\u00e3o mandem seus filhos \u00e0 escola durante a greve.<\/p>\n<p style=\"text-align: center;\">Seu filho n\u00e3o ser\u00e1 prejudicado!<\/p>\n<p style=\"text-align: center;\">\u00a0APLB SINDICATO<\/p>\n<p style=\"text-align: center;\">\n<p><img decoding=\"async\" class=\"aligncenter\" alt=\"3 seminario de SPC\" src=\"http:\/\/www.cdlitapetinga.com.br\/v1\/wp-content\/uploads\/2014\/07\/3-seminario-de-SPC.jpg\" width=\"500\" \/><\/p>\n","protected":false},"excerpt":{"rendered":"<p>N\u00f3s, professores da Rede Municipal de Itapetinga, iniciamos o segundo semestre com o mesmo compromisso que temos com a educa\u00e7\u00e3o p\u00fablica, gratuita, democr\u00e1tica, e de qualidade. Durante o recesso, tentamos mais uma vez negociar o reajuste salarial com a administra\u00e7\u00e3o, no entanto a gest\u00e3o municipal, n\u00e3o demonstrou interesse em resolver a quest\u00e3o do reajuste, por [&hellip;]<\/p>\n","protected":false},"author":2,"featured_media":0,"comment_status":"open","ping_status":"open","sticky":false,"template":"","format":"standard","meta":{"footnotes":"","_links_to":"","_links_to_target":""},"categories":[1],"tags":[],"class_list":["post-39173","post","type-post","status-publish","format-standard","hentry","category-geral"],"views":1215,"_links":{"self":[{"href":"https:\/\/www.sudoestehoje.com.br\/novoportal\/wp-json\/wp\/v2\/posts\/39173","targetHints":{"allow":["GET"]}}],"collection":[{"href":"https:\/\/www.sudoestehoje.com.br\/novoportal\/wp-json\/wp\/v2\/posts"}],"about":[{"href":"https:\/\/www.sudoestehoje.com.br\/novoportal\/wp-json\/wp\/v2\/types\/post"}],"author":[{"embeddable":true,"href":"https:\/\/www.sudoestehoje.com.br\/novoportal\/wp-json\/wp\/v2\/users\/2"}],"replies":[{"embeddable":true,"href":"https:\/\/www.sudoestehoje.com.br\/novoportal\/wp-json\/wp\/v2\/comments?post=39173"}],"version-history":[{"count":4,"href":"https:\/\/www.sudoestehoje.com.br\/novoportal\/wp-json\/wp\/v2\/posts\/39173\/revisions"}],"predecessor-version":[{"id":39176,"href":"https:\/\/www.sudoestehoje.com.br\/novoportal\/wp-json\/wp\/v2\/posts\/39173\/revisions\/39176"}],"wp:attachment":[{"href":"https:\/\/www.sudoestehoje.com.br\/novoportal\/wp-json\/wp\/v2\/media?parent=39173"}],"wp:term":[{"taxonomy":"category","embeddable":true,"href":"https:\/\/www.sudoestehoje.com.br\/novoportal\/wp-json\/wp\/v2\/categories?post=39173"},{"taxonomy":"post_tag","embeddable":true,"href":"https:\/\/www.sudoestehoje.com.br\/novoportal\/wp-json\/wp\/v2\/tags?post=39173"}],"curies":[{"name":"wp","href":"https:\/\/api.w.org\/{rel}","templated":true}]}}