
{"id":39157,"date":"2014-07-23T09:29:44","date_gmt":"2014-07-23T12:29:44","guid":{"rendered":"http:\/\/www.sudoestehoje.com.br\/novoportal\/?p=39157"},"modified":"2014-07-23T09:46:00","modified_gmt":"2014-07-23T12:46:00","slug":"estimativa-do-tempo-de-propaganda-eleitoral-e-divulgada","status":"publish","type":"post","link":"https:\/\/www.sudoestehoje.com.br\/novoportal\/2014\/07\/23\/estimativa-do-tempo-de-propaganda-eleitoral-e-divulgada\/","title":{"rendered":"ESTIMATIVA DO TEMPO DE PROPAGANDA ELEITORAL \u00c9 DIVULGADA"},"content":{"rendered":"<p><a href=\"http:\/\/www.sudoestehoje.com.br\/novoportal\/wp-content\/uploads\/2014\/07\/candidatos-governo-2014.jpg\"><img loading=\"lazy\" decoding=\"async\" class=\"aligncenter size-medium wp-image-39161\" alt=\"candidatos-governo-2014\" src=\"http:\/\/www.sudoestehoje.com.br\/novoportal\/wp-content\/uploads\/2014\/07\/candidatos-governo-2014-500x290.jpg\" width=\"500\" height=\"290\" srcset=\"https:\/\/www.sudoestehoje.com.br\/novoportal\/wp-content\/uploads\/2014\/07\/candidatos-governo-2014-500x290.jpg 500w, https:\/\/www.sudoestehoje.com.br\/novoportal\/wp-content\/uploads\/2014\/07\/candidatos-governo-2014.jpg 550w\" sizes=\"auto, (max-width: 500px) 100vw, 500px\" \/><\/a><\/p>\n<p>O comando de campanha dos candidatos ao governo da Bahia e ao Senado j\u00e1 recebeu a estimativa da Justi\u00e7a Eleitoral sobre o tempo que cada coliga\u00e7\u00e3o ou partido ter\u00e1 na propaganda gratuita no r\u00e1dio e na TV.<\/p>\n<p>Na divis\u00e3o do bolo, que ainda tem car\u00e1ter preliminar e extraoficial, a maior fatia ficou para Rui Costa (PT), com 7min49s. Logo depois, est\u00e1 Paulo Souto (DEM), que ter\u00e1 direito a 6min59s. Em terceiro, vem L\u00eddice da Mata (PSB), com 1min45s. Completam a tabela Marcos Mendes (Psol), com 1min11s, Renata Mallet (PSTU) e Rog\u00e9rio Da Luz (PRTB), que ficar\u00e3o com 1min06s cada.<\/p>\n<p>Na partilha entre os tr\u00eas principais nomes que disputar\u00e3o a vaga de senador, Otto Alencar (PSD) ficou com 4min01s, apenas 25 segundos a mais que Geddel Vieira Lima (PMDB), com 3min36s. J\u00e1 Eliana Calmon (PSB) levou 59 segundos.<\/p>\n<p>De acordo com a legisla\u00e7\u00e3o, os programas das chapas majorit\u00e1rias ser\u00e3o exibidos \u00e0s segundas, quartas e sextas-feiras, de 19 de agosto a 2 de outubro.<\/p>\n<p>&nbsp;<\/p>\n<p><img decoding=\"async\" class=\"aligncenter\" alt=\"SERVLAR BANNER\" src=\"http:\/\/www.sudoestehoje.com.br\/novoportal\/wp-content\/uploads\/2014\/06\/SERVLAR-BANNER4-500x178.jpg\" \/><\/p>\n","protected":false},"excerpt":{"rendered":"<p>O comando de campanha dos candidatos ao governo da Bahia e ao Senado j\u00e1 recebeu a estimativa da Justi\u00e7a Eleitoral sobre o tempo que cada coliga\u00e7\u00e3o ou partido ter\u00e1 na propaganda gratuita no r\u00e1dio e na TV. Na divis\u00e3o do bolo, que ainda tem car\u00e1ter preliminar e extraoficial, a maior fatia ficou para Rui Costa [&hellip;]<\/p>\n","protected":false},"author":2,"featured_media":0,"comment_status":"open","ping_status":"open","sticky":false,"template":"","format":"standard","meta":{"footnotes":"","_links_to":"","_links_to_target":""},"categories":[1],"tags":[],"class_list":["post-39157","post","type-post","status-publish","format-standard","hentry","category-geral"],"views":925,"_links":{"self":[{"href":"https:\/\/www.sudoestehoje.com.br\/novoportal\/wp-json\/wp\/v2\/posts\/39157","targetHints":{"allow":["GET"]}}],"collection":[{"href":"https:\/\/www.sudoestehoje.com.br\/novoportal\/wp-json\/wp\/v2\/posts"}],"about":[{"href":"https:\/\/www.sudoestehoje.com.br\/novoportal\/wp-json\/wp\/v2\/types\/post"}],"author":[{"embeddable":true,"href":"https:\/\/www.sudoestehoje.com.br\/novoportal\/wp-json\/wp\/v2\/users\/2"}],"replies":[{"embeddable":true,"href":"https:\/\/www.sudoestehoje.com.br\/novoportal\/wp-json\/wp\/v2\/comments?post=39157"}],"version-history":[{"count":3,"href":"https:\/\/www.sudoestehoje.com.br\/novoportal\/wp-json\/wp\/v2\/posts\/39157\/revisions"}],"predecessor-version":[{"id":39163,"href":"https:\/\/www.sudoestehoje.com.br\/novoportal\/wp-json\/wp\/v2\/posts\/39157\/revisions\/39163"}],"wp:attachment":[{"href":"https:\/\/www.sudoestehoje.com.br\/novoportal\/wp-json\/wp\/v2\/media?parent=39157"}],"wp:term":[{"taxonomy":"category","embeddable":true,"href":"https:\/\/www.sudoestehoje.com.br\/novoportal\/wp-json\/wp\/v2\/categories?post=39157"},{"taxonomy":"post_tag","embeddable":true,"href":"https:\/\/www.sudoestehoje.com.br\/novoportal\/wp-json\/wp\/v2\/tags?post=39157"}],"curies":[{"name":"wp","href":"https:\/\/api.w.org\/{rel}","templated":true}]}}