
{"id":39140,"date":"2014-07-22T17:05:09","date_gmt":"2014-07-22T20:05:09","guid":{"rendered":"http:\/\/www.sudoestehoje.com.br\/novoportal\/?p=39140"},"modified":"2014-07-22T18:22:56","modified_gmt":"2014-07-22T21:22:56","slug":"so-na-missa","status":"publish","type":"post","link":"https:\/\/www.sudoestehoje.com.br\/novoportal\/2014\/07\/22\/so-na-missa\/","title":{"rendered":"DE M\u00c3OS DADAS, S\u00d3 NA MISSA&#8230;"},"content":{"rendered":"<p style=\"text-align: center;\"><a href=\"http:\/\/www.sudoestehoje.com.br\/novoportal\/wp-content\/uploads\/2014\/07\/m\u00e3os-dadas.jpg\"><img decoding=\"async\" class=\"aligncenter  wp-image-39141\" alt=\"m\u00e3os dadas\" src=\"http:\/\/www.sudoestehoje.com.br\/novoportal\/wp-content\/uploads\/2014\/07\/m\u00e3os-dadas.jpg\" width=\"450\" \/><\/a><\/p>\n<p>Um &#8220;gesto carinhoso&#8221; inusitado surpreendeu a todos os presentes \u00e0\u00a0<a href=\"http:\/\/www.bahianoticias.com.br\/noticia\/157545-missa-com-politicos-e-show-de-bell-marques-no-aniversario-de-santa-luz.html\" target=\"_blank\">missa de anivers\u00e1rio de 79 anos de emancipa\u00e7\u00e3o<\/a>\u00a0do munic\u00edpio de Santaluz, no nordeste baiano, na \u00faltima sexta-feira (18).\u00a0Em meio \u00e0 solenidade, os padres Declair Cardoso e Adelson Nascimento, que celebravam o culto, pediram aos presentes para darem as m\u00e3os.<\/p>\n<p>Por ironia do destino, dois advers\u00e1rios pol\u00edticos ficaram lado a lado: o candidato a governador do PT Rui Costa e o deputado federal L\u00facio Vieira Lima (PMDB), irm\u00e3o do postulante ao Senado pela chapa de oposi\u00e7\u00e3o, Geddel. Diante da imagem da padroeira Santa Luzia, do p\u00fablico e, principalmente, das lentes fotogr\u00e1ficas, n\u00e3o teve jeito.<\/p>\n<p>Parceiros de outrora, o petista e o peemedebista tiveram que se cumprimentar em 2014 como fora oito anos antes, ou como \u00e9 hoje, no plano nacional.\u00a0Cabe\u00e7a da coliga\u00e7\u00e3o contr\u00e1ria, Paulo Souto (DEM) n\u00e3o presenciou a cena, pois n\u00e3o compareceu aos festejos.<\/p>\n<p>&nbsp;<\/p>\n<p><img decoding=\"async\" class=\"aligncenter\" alt=\"SERVLAR BANNER\" src=\"http:\/\/www.sudoestehoje.com.br\/novoportal\/wp-content\/uploads\/2014\/06\/SERVLAR-BANNER4-500x178.jpg\" \/><\/p>\n","protected":false},"excerpt":{"rendered":"<p>Um &#8220;gesto carinhoso&#8221; inusitado surpreendeu a todos os presentes \u00e0\u00a0missa de anivers\u00e1rio de 79 anos de emancipa\u00e7\u00e3o\u00a0do munic\u00edpio de Santaluz, no nordeste baiano, na \u00faltima sexta-feira (18).\u00a0Em meio \u00e0 solenidade, os padres Declair Cardoso e Adelson Nascimento, que celebravam o culto, pediram aos presentes para darem as m\u00e3os. Por ironia do destino, dois advers\u00e1rios pol\u00edticos [&hellip;]<\/p>\n","protected":false},"author":2,"featured_media":0,"comment_status":"open","ping_status":"open","sticky":false,"template":"","format":"standard","meta":{"footnotes":"","_links_to":"","_links_to_target":""},"categories":[1],"tags":[],"class_list":["post-39140","post","type-post","status-publish","format-standard","hentry","category-geral"],"views":975,"_links":{"self":[{"href":"https:\/\/www.sudoestehoje.com.br\/novoportal\/wp-json\/wp\/v2\/posts\/39140","targetHints":{"allow":["GET"]}}],"collection":[{"href":"https:\/\/www.sudoestehoje.com.br\/novoportal\/wp-json\/wp\/v2\/posts"}],"about":[{"href":"https:\/\/www.sudoestehoje.com.br\/novoportal\/wp-json\/wp\/v2\/types\/post"}],"author":[{"embeddable":true,"href":"https:\/\/www.sudoestehoje.com.br\/novoportal\/wp-json\/wp\/v2\/users\/2"}],"replies":[{"embeddable":true,"href":"https:\/\/www.sudoestehoje.com.br\/novoportal\/wp-json\/wp\/v2\/comments?post=39140"}],"version-history":[{"count":4,"href":"https:\/\/www.sudoestehoje.com.br\/novoportal\/wp-json\/wp\/v2\/posts\/39140\/revisions"}],"predecessor-version":[{"id":39153,"href":"https:\/\/www.sudoestehoje.com.br\/novoportal\/wp-json\/wp\/v2\/posts\/39140\/revisions\/39153"}],"wp:attachment":[{"href":"https:\/\/www.sudoestehoje.com.br\/novoportal\/wp-json\/wp\/v2\/media?parent=39140"}],"wp:term":[{"taxonomy":"category","embeddable":true,"href":"https:\/\/www.sudoestehoje.com.br\/novoportal\/wp-json\/wp\/v2\/categories?post=39140"},{"taxonomy":"post_tag","embeddable":true,"href":"https:\/\/www.sudoestehoje.com.br\/novoportal\/wp-json\/wp\/v2\/tags?post=39140"}],"curies":[{"name":"wp","href":"https:\/\/api.w.org\/{rel}","templated":true}]}}