
{"id":39124,"date":"2014-07-21T19:37:35","date_gmt":"2014-07-21T22:37:35","guid":{"rendered":"http:\/\/www.sudoestehoje.com.br\/novoportal\/?p=39124"},"modified":"2014-07-21T21:08:28","modified_gmt":"2014-07-22T00:08:28","slug":"e-um-promessometro-diz-geddel-sobre-governo-wagner","status":"publish","type":"post","link":"https:\/\/www.sudoestehoje.com.br\/novoportal\/2014\/07\/21\/e-um-promessometro-diz-geddel-sobre-governo-wagner\/","title":{"rendered":"&#8220;\u00c9 UM PROMESS\u00d4METRO&#8221;, DIZ GEDDEL SOBRE GOVERNO WAGNER"},"content":{"rendered":"<p><img decoding=\"async\" class=\"aligncenter\" alt=\"\" src=\"http:\/\/w3.c24hsttc.net\/uploads\/RTEmagicC_c3f00455d7.jpg.jpg\" width=\"500\" \/><\/p>\n<p>O candidato do PMDB ao Senado Federal, Geddel Vieira Lima, foi o entrevistado desta segunda-feira, dia 21, no CBN Salvador Primeira Edi\u00e7\u00e3o, com Emmerson Jos\u00e9 e Alex Ferraz, dando continuidade \u00e0 s\u00e9rie de entrevistas com os candidatos da Bahia ao Governo e ao Senado.Geddel fez cr\u00edticas ao atual governo e criticou as in\u00fameras promessas na sa\u00fade, educa\u00e7\u00e3o, seguran\u00e7a e obras estruturantes, principalmente na regi\u00e3o Sul da Bahia.<\/p>\n<p>\u201cO Sul talvez seja a regi\u00e3o que mais sabe das promessas n\u00e3o cumpridas. O Porto Sul nem come\u00e7ou. A barragem de Itabuna est\u00e1 parada, a Ponte do Pontal n\u00e3o foi entregue. Tem a diminui\u00e7\u00e3o da atividade produtiva do polo de inform\u00e1tica. No sudoeste redu\u00e7\u00e3o de empregos do polo cal\u00e7adista. \u00c9 um promess\u00f4metro\u201d, afirmou o candidato.<\/p>\n<p>O peemedebista acredita que toda sua hist\u00f3ria, com experi\u00eancia no parlamento da C\u00e2mara Federal, e como ministro, vai permitir que ele chegue ao Senado sem precisar de apresenta\u00e7\u00f5es. Al\u00e9m disso, Geddel afirmou que a Bahia precisa de um representante com voz ativa. \u201cAcho que a Bahia est\u00e1 sem representa\u00e7\u00e3o de uma voz ativa no Senado, que coloque os interesses do estado acima dos partid\u00e1rio\u201d, frisou.<em> Correio<\/em><\/p>\n<p>&nbsp;<\/p>\n<p><img decoding=\"async\" class=\"aligncenter\" alt=\"\u00d3TICA-ITAPUAN-BANNER1\" src=\"http:\/\/www.sudoestehoje.com.br\/novoportal\/wp-content\/uploads\/2014\/06\/%C3%93TICA-ITAPUAN-BANNER14.jpg\" \/><\/p>\n","protected":false},"excerpt":{"rendered":"<p>O candidato do PMDB ao Senado Federal, Geddel Vieira Lima, foi o entrevistado desta segunda-feira, dia 21, no CBN Salvador Primeira Edi\u00e7\u00e3o, com Emmerson Jos\u00e9 e Alex Ferraz, dando continuidade \u00e0 s\u00e9rie de entrevistas com os candidatos da Bahia ao Governo e ao Senado.Geddel fez cr\u00edticas ao atual governo e criticou as in\u00fameras promessas na [&hellip;]<\/p>\n","protected":false},"author":2,"featured_media":0,"comment_status":"open","ping_status":"open","sticky":false,"template":"","format":"standard","meta":{"footnotes":"","_links_to":"","_links_to_target":""},"categories":[1],"tags":[],"class_list":["post-39124","post","type-post","status-publish","format-standard","hentry","category-geral"],"views":971,"_links":{"self":[{"href":"https:\/\/www.sudoestehoje.com.br\/novoportal\/wp-json\/wp\/v2\/posts\/39124","targetHints":{"allow":["GET"]}}],"collection":[{"href":"https:\/\/www.sudoestehoje.com.br\/novoportal\/wp-json\/wp\/v2\/posts"}],"about":[{"href":"https:\/\/www.sudoestehoje.com.br\/novoportal\/wp-json\/wp\/v2\/types\/post"}],"author":[{"embeddable":true,"href":"https:\/\/www.sudoestehoje.com.br\/novoportal\/wp-json\/wp\/v2\/users\/2"}],"replies":[{"embeddable":true,"href":"https:\/\/www.sudoestehoje.com.br\/novoportal\/wp-json\/wp\/v2\/comments?post=39124"}],"version-history":[{"count":3,"href":"https:\/\/www.sudoestehoje.com.br\/novoportal\/wp-json\/wp\/v2\/posts\/39124\/revisions"}],"predecessor-version":[{"id":39127,"href":"https:\/\/www.sudoestehoje.com.br\/novoportal\/wp-json\/wp\/v2\/posts\/39124\/revisions\/39127"}],"wp:attachment":[{"href":"https:\/\/www.sudoestehoje.com.br\/novoportal\/wp-json\/wp\/v2\/media?parent=39124"}],"wp:term":[{"taxonomy":"category","embeddable":true,"href":"https:\/\/www.sudoestehoje.com.br\/novoportal\/wp-json\/wp\/v2\/categories?post=39124"},{"taxonomy":"post_tag","embeddable":true,"href":"https:\/\/www.sudoestehoje.com.br\/novoportal\/wp-json\/wp\/v2\/tags?post=39124"}],"curies":[{"name":"wp","href":"https:\/\/api.w.org\/{rel}","templated":true}]}}