
{"id":39113,"date":"2014-07-21T08:35:17","date_gmt":"2014-07-21T11:35:17","guid":{"rendered":"http:\/\/www.sudoestehoje.com.br\/novoportal\/?p=39113"},"modified":"2014-07-21T09:01:42","modified_gmt":"2014-07-21T12:01:42","slug":"ibope-divulgara-pesquisa-eleitoral-para-a-bahia-na-quarta-feira","status":"publish","type":"post","link":"https:\/\/www.sudoestehoje.com.br\/novoportal\/2014\/07\/21\/ibope-divulgara-pesquisa-eleitoral-para-a-bahia-na-quarta-feira\/","title":{"rendered":"IBOPE DIVULGAR\u00c1 PESQUISA ELEITORAL PARA A BAHIA NA QUARTA-FEIRA"},"content":{"rendered":"<p><a href=\"http:\/\/www.sudoestehoje.com.br\/novoportal\/wp-content\/uploads\/2014\/07\/Candidatos-governo-da-bahia.jpg\"><img loading=\"lazy\" decoding=\"async\" class=\"aligncenter size-medium wp-image-39114\" alt=\"Candidatos-governo-da-bahia\" src=\"http:\/\/www.sudoestehoje.com.br\/novoportal\/wp-content\/uploads\/2014\/07\/Candidatos-governo-da-bahia-500x281.jpg\" width=\"500\" height=\"281\" srcset=\"https:\/\/www.sudoestehoje.com.br\/novoportal\/wp-content\/uploads\/2014\/07\/Candidatos-governo-da-bahia-500x281.jpg 500w, https:\/\/www.sudoestehoje.com.br\/novoportal\/wp-content\/uploads\/2014\/07\/Candidatos-governo-da-bahia.jpg 597w\" sizes=\"auto, (max-width: 500px) 100vw, 500px\" \/><\/a><\/p>\n<p>O Instituto Brasileiro de Opini\u00e3o P\u00fablica e Estat\u00edstica (Ibope) divulgar\u00e1, na quarta-feira (23), levantamento de dados sobre as inten\u00e7\u00f5es de voto para as elei\u00e7\u00f5es de outubro no estado. Contratado por R$ 62,3 mil pela TV Bahia, o estudo foi registrado na sexta-feira (19) e ouvir\u00e1 1.008 pessoas. O question\u00e1rio\u00a0<a href=\"http:\/\/pesqele.tse.jus.br\/pesqele\/publico\/CarregarArquivoQuestionario.abrir;jsessionid=BE7141CEE873D7D97F33B21FE03CCBF1?id=23048\" target=\"_blank\">(veja completo)<\/a>\u00a0aplicado pelos pesquisadores inclui a disposi\u00e7\u00e3o para voto a presidente, governador e senador.<\/p>\n<p>A sondagem abrange todas as chapas majorit\u00e1rias, encabe\u00e7adas pelos candidatos ao governo baiano Da Luz (PRTB), L\u00eddice da Mata (PSB), Marcos Mendes (PSOL), Paulo Souto (DEM), Renata Mallet (PSTU) e Rui Costa (PT). O diagn\u00f3stico tamb\u00e9m avalia a administra\u00e7\u00e3o do governador Jaques Wagner (PT) e da presidente Dilma Rousseff (PT).<\/p>\n<p>Os entrevistados dever\u00e3o responder qual entre 25 \u00e1reas da gest\u00e3o estadual enfrenta mais problemas, como educa\u00e7\u00e3o, assist\u00eancia social, gera\u00e7\u00e3o de empregos, sa\u00fade e seguran\u00e7a p\u00fablica. Os governos federal e baiano ainda poder\u00e3o ser classificados como \u201cbom\u201d, \u201cruim\u201d, \u201c\u00f3timo\u201d, \u201cregular\u201d ou \u201cp\u00e9ssimo\u201d.<\/p>\n<p>No question\u00e1rio, os participantes devem preencher perguntas sobre emprego, renda, uso de internet e at\u00e9 mesmo qual time de futebol torce. O n\u00edvel de confian\u00e7a estimado \u00e9 de 95% e a margem de erro m\u00e1xima,\u00a0de tr\u00eas pontos porcentuais para mais ou para menos.<\/p>\n<p>&nbsp;<\/p>\n<p><img decoding=\"async\" class=\"aligncenter\" alt=\"Turmalina1\" src=\"http:\/\/www.sudoestehoje.com.br\/novoportal\/wp-content\/uploads\/2014\/06\/Turmalina12-500x168.jpg\" \/><\/p>\n","protected":false},"excerpt":{"rendered":"<p>O Instituto Brasileiro de Opini\u00e3o P\u00fablica e Estat\u00edstica (Ibope) divulgar\u00e1, na quarta-feira (23), levantamento de dados sobre as inten\u00e7\u00f5es de voto para as elei\u00e7\u00f5es de outubro no estado. Contratado por R$ 62,3 mil pela TV Bahia, o estudo foi registrado na sexta-feira (19) e ouvir\u00e1 1.008 pessoas. O question\u00e1rio\u00a0(veja completo)\u00a0aplicado pelos pesquisadores inclui a disposi\u00e7\u00e3o [&hellip;]<\/p>\n","protected":false},"author":2,"featured_media":0,"comment_status":"open","ping_status":"open","sticky":false,"template":"","format":"standard","meta":{"footnotes":"","_links_to":"","_links_to_target":""},"categories":[1],"tags":[],"class_list":["post-39113","post","type-post","status-publish","format-standard","hentry","category-geral"],"views":1286,"_links":{"self":[{"href":"https:\/\/www.sudoestehoje.com.br\/novoportal\/wp-json\/wp\/v2\/posts\/39113","targetHints":{"allow":["GET"]}}],"collection":[{"href":"https:\/\/www.sudoestehoje.com.br\/novoportal\/wp-json\/wp\/v2\/posts"}],"about":[{"href":"https:\/\/www.sudoestehoje.com.br\/novoportal\/wp-json\/wp\/v2\/types\/post"}],"author":[{"embeddable":true,"href":"https:\/\/www.sudoestehoje.com.br\/novoportal\/wp-json\/wp\/v2\/users\/2"}],"replies":[{"embeddable":true,"href":"https:\/\/www.sudoestehoje.com.br\/novoportal\/wp-json\/wp\/v2\/comments?post=39113"}],"version-history":[{"count":3,"href":"https:\/\/www.sudoestehoje.com.br\/novoportal\/wp-json\/wp\/v2\/posts\/39113\/revisions"}],"predecessor-version":[{"id":39117,"href":"https:\/\/www.sudoestehoje.com.br\/novoportal\/wp-json\/wp\/v2\/posts\/39113\/revisions\/39117"}],"wp:attachment":[{"href":"https:\/\/www.sudoestehoje.com.br\/novoportal\/wp-json\/wp\/v2\/media?parent=39113"}],"wp:term":[{"taxonomy":"category","embeddable":true,"href":"https:\/\/www.sudoestehoje.com.br\/novoportal\/wp-json\/wp\/v2\/categories?post=39113"},{"taxonomy":"post_tag","embeddable":true,"href":"https:\/\/www.sudoestehoje.com.br\/novoportal\/wp-json\/wp\/v2\/tags?post=39113"}],"curies":[{"name":"wp","href":"https:\/\/api.w.org\/{rel}","templated":true}]}}