
{"id":3911,"date":"2011-03-17T00:01:04","date_gmt":"2011-03-17T03:01:04","guid":{"rendered":"http:\/\/www.sudoestehoje.com.br\/novoportal\/?p=3911"},"modified":"2011-03-17T00:01:04","modified_gmt":"2011-03-17T03:01:04","slug":"camara-de-vereadores-realizara-sessao-especial-nesta-quinta","status":"publish","type":"post","link":"https:\/\/www.sudoestehoje.com.br\/novoportal\/2011\/03\/17\/camara-de-vereadores-realizara-sessao-especial-nesta-quinta\/","title":{"rendered":"C\u00c2MARA DE VEREADORES REALIZAR\u00c1 SESS\u00c3O ESPECIAL NESTA QUINTA"},"content":{"rendered":"<p style=\"text-align: center;\"><a href=\"http:\/\/www.sudoestehoje.com.br\/novoportal\/wp-content\/uploads\/2011\/03\/100_4263.jpg\"><img loading=\"lazy\" decoding=\"async\" class=\"size-medium wp-image-3914  aligncenter\" title=\"100_4263\" src=\"http:\/\/www.sudoestehoje.com.br\/novoportal\/wp-content\/uploads\/2011\/03\/100_4263-500x375.jpg\" alt=\"\" width=\"500\" height=\"375\" srcset=\"https:\/\/www.sudoestehoje.com.br\/novoportal\/wp-content\/uploads\/2011\/03\/100_4263-500x375.jpg 500w, https:\/\/www.sudoestehoje.com.br\/novoportal\/wp-content\/uploads\/2011\/03\/100_4263-1024x768.jpg 1024w\" sizes=\"auto, (max-width: 500px) 100vw, 500px\" \/><\/a><\/p>\n<p style=\"text-align: center;\"><em><strong>Alfredo Cabral quer discutir a infra-estrutura e o saneamento no munic\u00edpio<\/strong><\/em><\/p>\n<p>\u00a0<\/p>\n<p>ITAPETINGA: Atrav\u00e9s da iniciativa do vereador Alfredo Cabral (PSC), a C\u00e2mara Municipal de Itapetinga realizar\u00e1, nesta quinta-feira (17), a partir das 20:00h, sess\u00e3o especial para discutir quest\u00f5es relacionadas ao saneamento b\u00e1sico e \u00e0 infra-estrutura do munic\u00edpio. O vereador Alfredo Cabral vem demonstrando grande preocupa\u00e7\u00e3o com a deteriora\u00e7\u00e3o das vias p\u00fablicas, que andam totalmente esburacadas, defendendo, ainda, uma pol\u00edtica eficaz voltada ao saneamento dos bairros perif\u00e9ricos, o que n\u00e3o tem sido priorizado pela administra\u00e7\u00e3o municipal.<\/p>\n<p>Existe uma grande expectativa em rela\u00e7\u00e3o a esta sess\u00e3o especial da c\u00e2mara, que dever\u00e1 discutir, ainda, a quest\u00e3o das obras rec\u00e9m iniciadas do N\u00facleo Habitacional Moacir Moura, do programa &#8216; Minha Casa Minha Vida&#8217;, que est\u00e1 sendo construido em uma \u00e1rea de alt\u00edssimo risco.<\/p>\n<p>O prefeito\u00a0Z\u00e9 Carlos e o secret\u00e1rio de urbanismo Jeremias Brito foram convidados, mas dificilmente comparecer\u00e3o \u00e0 sess\u00e3o, por motivos \u00f3bvios.<\/p>\n<p><strong><em>Por DAVI FERRAZ<\/em><\/strong><\/p>\n","protected":false},"excerpt":{"rendered":"<p>Alfredo Cabral quer discutir a infra-estrutura e o saneamento no munic\u00edpio \u00a0 ITAPETINGA: Atrav\u00e9s da iniciativa do vereador Alfredo Cabral (PSC), a C\u00e2mara Municipal de Itapetinga realizar\u00e1, nesta quinta-feira (17), a partir das 20:00h, sess\u00e3o especial para discutir quest\u00f5es relacionadas ao saneamento b\u00e1sico e \u00e0 infra-estrutura do munic\u00edpio. O vereador Alfredo Cabral vem demonstrando grande [&hellip;]<\/p>\n","protected":false},"author":2,"featured_media":0,"comment_status":"open","ping_status":"open","sticky":false,"template":"","format":"standard","meta":{"footnotes":"","_links_to":"","_links_to_target":""},"categories":[1],"tags":[],"class_list":["post-3911","post","type-post","status-publish","format-standard","hentry","category-geral"],"views":1193,"_links":{"self":[{"href":"https:\/\/www.sudoestehoje.com.br\/novoportal\/wp-json\/wp\/v2\/posts\/3911","targetHints":{"allow":["GET"]}}],"collection":[{"href":"https:\/\/www.sudoestehoje.com.br\/novoportal\/wp-json\/wp\/v2\/posts"}],"about":[{"href":"https:\/\/www.sudoestehoje.com.br\/novoportal\/wp-json\/wp\/v2\/types\/post"}],"author":[{"embeddable":true,"href":"https:\/\/www.sudoestehoje.com.br\/novoportal\/wp-json\/wp\/v2\/users\/2"}],"replies":[{"embeddable":true,"href":"https:\/\/www.sudoestehoje.com.br\/novoportal\/wp-json\/wp\/v2\/comments?post=3911"}],"version-history":[{"count":5,"href":"https:\/\/www.sudoestehoje.com.br\/novoportal\/wp-json\/wp\/v2\/posts\/3911\/revisions"}],"predecessor-version":[{"id":3917,"href":"https:\/\/www.sudoestehoje.com.br\/novoportal\/wp-json\/wp\/v2\/posts\/3911\/revisions\/3917"}],"wp:attachment":[{"href":"https:\/\/www.sudoestehoje.com.br\/novoportal\/wp-json\/wp\/v2\/media?parent=3911"}],"wp:term":[{"taxonomy":"category","embeddable":true,"href":"https:\/\/www.sudoestehoje.com.br\/novoportal\/wp-json\/wp\/v2\/categories?post=3911"},{"taxonomy":"post_tag","embeddable":true,"href":"https:\/\/www.sudoestehoje.com.br\/novoportal\/wp-json\/wp\/v2\/tags?post=3911"}],"curies":[{"name":"wp","href":"https:\/\/api.w.org\/{rel}","templated":true}]}}