
{"id":39080,"date":"2014-07-19T00:21:00","date_gmt":"2014-07-19T03:21:00","guid":{"rendered":"http:\/\/www.sudoestehoje.com.br\/novoportal\/?p=39080"},"modified":"2014-07-19T17:04:41","modified_gmt":"2014-07-19T20:04:41","slug":"secretaria-sibele-tenta-barrar-atuacao-da-aplb-na-porta-das-escolas","status":"publish","type":"post","link":"https:\/\/www.sudoestehoje.com.br\/novoportal\/2014\/07\/19\/secretaria-sibele-tenta-barrar-atuacao-da-aplb-na-porta-das-escolas\/","title":{"rendered":"SECRET\u00c1RIA SIBELE TENTA BARRAR ATUA\u00c7\u00c3O DA APLB NA PORTA DAS ESCOLAS"},"content":{"rendered":"<div id=\"attachment_39081\" style=\"width: 510px\" class=\"wp-caption aligncenter\"><a href=\"http:\/\/www.sudoestehoje.com.br\/novoportal\/wp-content\/uploads\/2014\/07\/siba.jpg\"><img loading=\"lazy\" decoding=\"async\" aria-describedby=\"caption-attachment-39081\" class=\"size-full wp-image-39081\" alt=\"Sem autoridade para negociar com os professores grevistas, secret\u00e1ria de educa\u00e7\u00e3o convoca guarda municipal para impedir atua\u00e7\u00e3o da APLB na porta das escolas.\" src=\"http:\/\/www.sudoestehoje.com.br\/novoportal\/wp-content\/uploads\/2014\/07\/siba.jpg\" width=\"500\" height=\"332\" \/><\/a><p id=\"caption-attachment-39081\" class=\"wp-caption-text\">Sem autoridade para negociar com os professores grevistas, secret\u00e1ria de educa\u00e7\u00e3o convoca guarda municipal para impedir atua\u00e7\u00e3o da APLB na porta das escolas.<\/p><\/div>\n<p>ITAPETINGA: Em entrevista concedida \u00e0 R\u00e1dio Fascina\u00e7\u00e3o, o coordenador da APLB, Renan Coelho, falou que a mobiliza\u00e7\u00e3o \u00e9 crescente e nos pr\u00f3ximos dias a greve dos professores poder\u00e1 atingir 100% da categoria, devido o alto grau de insatisfa\u00e7\u00e3o. Uma coisa que \u00e9 un\u00e2nime na categoria \u00e9 o reconhecimento da p\u00e9ssima gest\u00e3o na secretaria de educa\u00e7\u00e3o.<\/p>\n<p>Antes da greve, a APLB apresentou contraproposta \u00e0 prefeitura, na audi\u00eancia realizada no dia 10 de julho, de 2% retroativo a janeiro, e mais 5% a partir de agosto. A secret\u00e1ria de educa\u00e7\u00e3o se comprometeu em analisar a proposta junto ao assessor cont\u00e1bil da prefeitura, m\u00e1s n\u00e3o deu nenhuma resposta, o que provocou o inicio da greve.<\/p>\n<p>CONVOCA\u00c7\u00c3O DA GUARDA MUNICIPAL<\/p>\n<p>O clima esquentou na tarde desta sexta-feira entre professores e membros da guarda municipal, que tentaram impedir, a mando da secret\u00e1ria de educa\u00e7\u00e3o, o trabalho de convencimento com os alunos nas escolas e a distribui\u00e7\u00e3o de carta aberta a comunidade.<\/p>\n<p>O coordenador da APLB, Renan Coelho, acusou o governo municipal de retornar ao tempo da ditadura, quando a livre manifesta\u00e7\u00e3o era impedida com a pol\u00edcia.\u00a0Informa\u00e7\u00f5es do Blog do Z\u00e9 Ferreira<\/p>\n<p>&nbsp;<\/p>\n<p><img decoding=\"async\" class=\"aligncenter\" alt=\"SERVLAR BANNER\" src=\"http:\/\/www.sudoestehoje.com.br\/novoportal\/wp-content\/uploads\/2014\/06\/SERVLAR-BANNER4-500x178.jpg\" \/><\/p>\n","protected":false},"excerpt":{"rendered":"<p>ITAPETINGA: Em entrevista concedida \u00e0 R\u00e1dio Fascina\u00e7\u00e3o, o coordenador da APLB, Renan Coelho, falou que a mobiliza\u00e7\u00e3o \u00e9 crescente e nos pr\u00f3ximos dias a greve dos professores poder\u00e1 atingir 100% da categoria, devido o alto grau de insatisfa\u00e7\u00e3o. Uma coisa que \u00e9 un\u00e2nime na categoria \u00e9 o reconhecimento da p\u00e9ssima gest\u00e3o na secretaria de educa\u00e7\u00e3o. [&hellip;]<\/p>\n","protected":false},"author":2,"featured_media":0,"comment_status":"open","ping_status":"open","sticky":false,"template":"","format":"standard","meta":{"footnotes":"","_links_to":"","_links_to_target":""},"categories":[1],"tags":[],"class_list":["post-39080","post","type-post","status-publish","format-standard","hentry","category-geral"],"views":1181,"_links":{"self":[{"href":"https:\/\/www.sudoestehoje.com.br\/novoportal\/wp-json\/wp\/v2\/posts\/39080","targetHints":{"allow":["GET"]}}],"collection":[{"href":"https:\/\/www.sudoestehoje.com.br\/novoportal\/wp-json\/wp\/v2\/posts"}],"about":[{"href":"https:\/\/www.sudoestehoje.com.br\/novoportal\/wp-json\/wp\/v2\/types\/post"}],"author":[{"embeddable":true,"href":"https:\/\/www.sudoestehoje.com.br\/novoportal\/wp-json\/wp\/v2\/users\/2"}],"replies":[{"embeddable":true,"href":"https:\/\/www.sudoestehoje.com.br\/novoportal\/wp-json\/wp\/v2\/comments?post=39080"}],"version-history":[{"count":5,"href":"https:\/\/www.sudoestehoje.com.br\/novoportal\/wp-json\/wp\/v2\/posts\/39080\/revisions"}],"predecessor-version":[{"id":39090,"href":"https:\/\/www.sudoestehoje.com.br\/novoportal\/wp-json\/wp\/v2\/posts\/39080\/revisions\/39090"}],"wp:attachment":[{"href":"https:\/\/www.sudoestehoje.com.br\/novoportal\/wp-json\/wp\/v2\/media?parent=39080"}],"wp:term":[{"taxonomy":"category","embeddable":true,"href":"https:\/\/www.sudoestehoje.com.br\/novoportal\/wp-json\/wp\/v2\/categories?post=39080"},{"taxonomy":"post_tag","embeddable":true,"href":"https:\/\/www.sudoestehoje.com.br\/novoportal\/wp-json\/wp\/v2\/tags?post=39080"}],"curies":[{"name":"wp","href":"https:\/\/api.w.org\/{rel}","templated":true}]}}