
{"id":39075,"date":"2014-07-19T00:07:54","date_gmt":"2014-07-19T03:07:54","guid":{"rendered":"http:\/\/www.sudoestehoje.com.br\/novoportal\/?p=39075"},"modified":"2014-07-18T23:11:02","modified_gmt":"2014-07-19T02:11:02","slug":"vamos-ganhar-no-primeiro-turno-garante-geddel","status":"publish","type":"post","link":"https:\/\/www.sudoestehoje.com.br\/novoportal\/2014\/07\/19\/vamos-ganhar-no-primeiro-turno-garante-geddel\/","title":{"rendered":"&#8220;VAMOS GANHAR NO PRIMEIRO TURNO&#8221;, GARANTE GEDDEL"},"content":{"rendered":"<p><img decoding=\"async\" class=\"aligncenter\" alt=\": \" src=\"http:\/\/www.brasil247.com\/images\/cache\/1000x357\/crop\/images%7Ccms-image-000382516.jpg\" width=\"500\" \/><\/p>\n<p>Candidato ao Senado pela chapa da oposi\u00e7\u00e3o na Bahia, Geddel Vieira Lima contesta em entrevista ao 247 n\u00fameros &#8220;de boatos&#8221; citados por Jaques Wagner e por seu candidato, Rui Costa (PT), acerca de \u00e1reas como seguran\u00e7a, sa\u00fade e educa\u00e7\u00e3o; &#8220;O que eles falam n\u00e3o s\u00e3o n\u00fameros, s\u00e3o boatos&#8221;; peemedebista aposta na vit\u00f3ria de Paulo Souto e na sua j\u00e1 no primeiro turno e, em rela\u00e7\u00e3o a seus advers\u00e1rios, acredita que ter\u00e1 mais dificuldade com Eliana Calmon (PSB) do que com o atual vice-governador, Otto Alencar (PSD); &#8220;Otto, como todo respeito a ele, representa o continu\u00edsmo do que est\u00e1 a\u00ed e a popula\u00e7\u00e3o n\u00e3o aguenta mais esse governo&#8221;<\/p>\n","protected":false},"excerpt":{"rendered":"<p>Candidato ao Senado pela chapa da oposi\u00e7\u00e3o na Bahia, Geddel Vieira Lima contesta em entrevista ao 247 n\u00fameros &#8220;de boatos&#8221; citados por Jaques Wagner e por seu candidato, Rui Costa (PT), acerca de \u00e1reas como seguran\u00e7a, sa\u00fade e educa\u00e7\u00e3o; &#8220;O que eles falam n\u00e3o s\u00e3o n\u00fameros, s\u00e3o boatos&#8221;; peemedebista aposta na vit\u00f3ria de Paulo Souto [&hellip;]<\/p>\n","protected":false},"author":2,"featured_media":0,"comment_status":"open","ping_status":"open","sticky":false,"template":"","format":"standard","meta":{"footnotes":"","_links_to":"","_links_to_target":""},"categories":[1],"tags":[],"class_list":["post-39075","post","type-post","status-publish","format-standard","hentry","category-geral"],"views":1137,"_links":{"self":[{"href":"https:\/\/www.sudoestehoje.com.br\/novoportal\/wp-json\/wp\/v2\/posts\/39075","targetHints":{"allow":["GET"]}}],"collection":[{"href":"https:\/\/www.sudoestehoje.com.br\/novoportal\/wp-json\/wp\/v2\/posts"}],"about":[{"href":"https:\/\/www.sudoestehoje.com.br\/novoportal\/wp-json\/wp\/v2\/types\/post"}],"author":[{"embeddable":true,"href":"https:\/\/www.sudoestehoje.com.br\/novoportal\/wp-json\/wp\/v2\/users\/2"}],"replies":[{"embeddable":true,"href":"https:\/\/www.sudoestehoje.com.br\/novoportal\/wp-json\/wp\/v2\/comments?post=39075"}],"version-history":[{"count":1,"href":"https:\/\/www.sudoestehoje.com.br\/novoportal\/wp-json\/wp\/v2\/posts\/39075\/revisions"}],"predecessor-version":[{"id":39076,"href":"https:\/\/www.sudoestehoje.com.br\/novoportal\/wp-json\/wp\/v2\/posts\/39075\/revisions\/39076"}],"wp:attachment":[{"href":"https:\/\/www.sudoestehoje.com.br\/novoportal\/wp-json\/wp\/v2\/media?parent=39075"}],"wp:term":[{"taxonomy":"category","embeddable":true,"href":"https:\/\/www.sudoestehoje.com.br\/novoportal\/wp-json\/wp\/v2\/categories?post=39075"},{"taxonomy":"post_tag","embeddable":true,"href":"https:\/\/www.sudoestehoje.com.br\/novoportal\/wp-json\/wp\/v2\/tags?post=39075"}],"curies":[{"name":"wp","href":"https:\/\/api.w.org\/{rel}","templated":true}]}}