
{"id":3907,"date":"2011-03-16T18:24:55","date_gmt":"2011-03-16T21:24:55","guid":{"rendered":"http:\/\/www.sudoestehoje.com.br\/novoportal\/?p=3907"},"modified":"2011-03-16T18:24:55","modified_gmt":"2011-03-16T21:24:55","slug":"professores-da-uesb-realizam-manifestacao-em-frente-a-reitoria","status":"publish","type":"post","link":"https:\/\/www.sudoestehoje.com.br\/novoportal\/2011\/03\/16\/professores-da-uesb-realizam-manifestacao-em-frente-a-reitoria\/","title":{"rendered":"PROFESSORES DA UESB REALIZAM MANIFESTA\u00c7\u00c3O EM FRENTE \u00c0 REITORIA"},"content":{"rendered":"<p style=\"text-align: center;\"><a href=\"http:\/\/www.blogdaresenhageral.com.br\/v1\/wp-content\/uploads\/Imagem-024.jpg\"><img loading=\"lazy\" decoding=\"async\" class=\"aligncenter\" title=\"Imagem 024\" src=\"http:\/\/www.blogdaresenhageral.com.br\/v1\/wp-content\/uploads\/Imagem-024.jpg\" alt=\"\" width=\"500\" height=\"375\" \/><\/a><\/p>\n<p style=\"text-align: center;\"><em>(Fotos: Rodrigo Ferraz)<\/em><\/p>\n<p>\u00a0<\/p>\n<p>VIT\u00d3RIA DA CONQUISTA: Na manh\u00e3 de ontem (ter\u00e7a-feira) professores e alunos da Universidade Estadual do Sudoeste da Bahia (Uesb) realizaram uma manifesta\u00e7\u00e3o com direito a cartazes e apita\u00e7o em frente a reitoria da institui\u00e7\u00e3o, no campus de Vit\u00f3ria da Conquista.<\/p>\n<p>Durante o protesto, docentes cobravam, principalmente, a discuss\u00e3o do estatuto, melhores condi\u00e7\u00f5es de trabalho e um di\u00e1logo mais concreto com rela\u00e7\u00e3o a pauta de reivindica\u00e7\u00f5es dos professores, al\u00e9m de um melhor posicionamento da dire\u00e7\u00e3o da Uesb com rela\u00e7\u00e3o ao governo do estado.<\/p>\n<p style=\"text-align: center;\"><a href=\"http:\/\/www.blogdaresenhageral.com.br\/v1\/wp-content\/uploads\/Imagem-0201.jpg\"><img loading=\"lazy\" decoding=\"async\" class=\"aligncenter\" title=\"Imagem 020\" src=\"http:\/\/www.blogdaresenhageral.com.br\/v1\/wp-content\/uploads\/Imagem-0201.jpg\" alt=\"\" width=\"500\" height=\"375\" \/><\/a><\/p>\n<p>O vice-reitor da institui\u00e7\u00e3o, Jos\u00e9 Lu\u00eds Rech, acompanhou a manifesta\u00e7\u00e3o de perto e ouviu as demandas dos docentes e estudantes. \u201cNossa gest\u00e3o est\u00e1 sempre aberta ao di\u00e1logo e temos o objetivo, sempre, de oferecer uma Universidade com qualidade e professores motivados\u201d, disse.<\/p>\n<p>Vale lembrar que a associa\u00e7\u00e3o dos docentes da Uesb j\u00e1 aprovou o indicativo de greve e durante todo esse m\u00eas de mar\u00e7o est\u00e3o programadas v\u00e1rias atividades mobilizadoras.<\/p>\n<p><em><strong>Por RODRIGO FERRAZ (Blog da Resenha Geral)<\/strong><\/em><\/p>\n","protected":false},"excerpt":{"rendered":"<p>(Fotos: Rodrigo Ferraz) \u00a0 VIT\u00d3RIA DA CONQUISTA: Na manh\u00e3 de ontem (ter\u00e7a-feira) professores e alunos da Universidade Estadual do Sudoeste da Bahia (Uesb) realizaram uma manifesta\u00e7\u00e3o com direito a cartazes e apita\u00e7o em frente a reitoria da institui\u00e7\u00e3o, no campus de Vit\u00f3ria da Conquista. Durante o protesto, docentes cobravam, principalmente, a discuss\u00e3o do estatuto, melhores [&hellip;]<\/p>\n","protected":false},"author":2,"featured_media":0,"comment_status":"open","ping_status":"open","sticky":false,"template":"","format":"standard","meta":{"footnotes":"","_links_to":"","_links_to_target":""},"categories":[1],"tags":[],"class_list":["post-3907","post","type-post","status-publish","format-standard","hentry","category-geral"],"views":1307,"_links":{"self":[{"href":"https:\/\/www.sudoestehoje.com.br\/novoportal\/wp-json\/wp\/v2\/posts\/3907","targetHints":{"allow":["GET"]}}],"collection":[{"href":"https:\/\/www.sudoestehoje.com.br\/novoportal\/wp-json\/wp\/v2\/posts"}],"about":[{"href":"https:\/\/www.sudoestehoje.com.br\/novoportal\/wp-json\/wp\/v2\/types\/post"}],"author":[{"embeddable":true,"href":"https:\/\/www.sudoestehoje.com.br\/novoportal\/wp-json\/wp\/v2\/users\/2"}],"replies":[{"embeddable":true,"href":"https:\/\/www.sudoestehoje.com.br\/novoportal\/wp-json\/wp\/v2\/comments?post=3907"}],"version-history":[{"count":3,"href":"https:\/\/www.sudoestehoje.com.br\/novoportal\/wp-json\/wp\/v2\/posts\/3907\/revisions"}],"predecessor-version":[{"id":3910,"href":"https:\/\/www.sudoestehoje.com.br\/novoportal\/wp-json\/wp\/v2\/posts\/3907\/revisions\/3910"}],"wp:attachment":[{"href":"https:\/\/www.sudoestehoje.com.br\/novoportal\/wp-json\/wp\/v2\/media?parent=3907"}],"wp:term":[{"taxonomy":"category","embeddable":true,"href":"https:\/\/www.sudoestehoje.com.br\/novoportal\/wp-json\/wp\/v2\/categories?post=3907"},{"taxonomy":"post_tag","embeddable":true,"href":"https:\/\/www.sudoestehoje.com.br\/novoportal\/wp-json\/wp\/v2\/tags?post=3907"}],"curies":[{"name":"wp","href":"https:\/\/api.w.org\/{rel}","templated":true}]}}