
{"id":39027,"date":"2014-07-17T20:22:58","date_gmt":"2014-07-17T23:22:58","guid":{"rendered":"http:\/\/www.sudoestehoje.com.br\/novoportal\/?p=39027"},"modified":"2014-07-17T20:28:06","modified_gmt":"2014-07-17T23:28:06","slug":"wagner-recebe-merecida-punicao-do-tre-afirma-aleluia","status":"publish","type":"post","link":"https:\/\/www.sudoestehoje.com.br\/novoportal\/2014\/07\/17\/wagner-recebe-merecida-punicao-do-tre-afirma-aleluia\/","title":{"rendered":"&#8220;WAGNER RECEBE MERECIDA PUNI\u00c7\u00c3O DO TRE&#8221;, AFIRMA ALELUIA"},"content":{"rendered":"<p style=\"text-align: center;\"><a href=\"http:\/\/www.sudoestehoje.com.br\/novoportal\/wp-content\/uploads\/2014\/07\/images.jpg\"><img decoding=\"async\" class=\"aligncenter  wp-image-39030\" alt=\"images\" src=\"http:\/\/www.sudoestehoje.com.br\/novoportal\/wp-content\/uploads\/2014\/07\/images.jpg\" width=\"400\" \/><\/a><\/p>\n<p>&#8220;Que a multa de R$ 53 mil que o TRE lhe aplicou sirva de exemplo ao governador Jaques Wagner para que ele n\u00e3o continue a usar a m\u00e1quina do Estado em benef\u00edcio de seu candidato&#8221;, afirma o candidato a deputado federal e presidente do DEM na Bahia, Jos\u00e9 Carlos Aleluia.<\/p>\n<p>Ele se refere \u00e0 puni\u00e7\u00e3o do Tribunal Regional Eleitoral a Wagner por ele ter divulgado pesquisa n\u00e3o registrada em entrevista \u00e0 R\u00e1dio Metr\u00f3pole, &#8220;na tentativa de beneficiar o candidato do PT (Rui Costa) \u00e0 sua sucess\u00e3o&#8221;.<\/p>\n<p>&nbsp;<\/p>\n<p><img decoding=\"async\" class=\"aligncenter\" alt=\"\u00d3TICA-ITAPUAN-BANNER1\" src=\"http:\/\/www.sudoestehoje.com.br\/novoportal\/wp-content\/uploads\/2014\/06\/%C3%93TICA-ITAPUAN-BANNER14.jpg\" \/><\/p>\n","protected":false},"excerpt":{"rendered":"<p>&#8220;Que a multa de R$ 53 mil que o TRE lhe aplicou sirva de exemplo ao governador Jaques Wagner para que ele n\u00e3o continue a usar a m\u00e1quina do Estado em benef\u00edcio de seu candidato&#8221;, afirma o candidato a deputado federal e presidente do DEM na Bahia, Jos\u00e9 Carlos Aleluia. Ele se refere \u00e0 puni\u00e7\u00e3o [&hellip;]<\/p>\n","protected":false},"author":2,"featured_media":0,"comment_status":"open","ping_status":"open","sticky":false,"template":"","format":"standard","meta":{"footnotes":"","_links_to":"","_links_to_target":""},"categories":[1],"tags":[],"class_list":["post-39027","post","type-post","status-publish","format-standard","hentry","category-geral"],"views":1095,"_links":{"self":[{"href":"https:\/\/www.sudoestehoje.com.br\/novoportal\/wp-json\/wp\/v2\/posts\/39027","targetHints":{"allow":["GET"]}}],"collection":[{"href":"https:\/\/www.sudoestehoje.com.br\/novoportal\/wp-json\/wp\/v2\/posts"}],"about":[{"href":"https:\/\/www.sudoestehoje.com.br\/novoportal\/wp-json\/wp\/v2\/types\/post"}],"author":[{"embeddable":true,"href":"https:\/\/www.sudoestehoje.com.br\/novoportal\/wp-json\/wp\/v2\/users\/2"}],"replies":[{"embeddable":true,"href":"https:\/\/www.sudoestehoje.com.br\/novoportal\/wp-json\/wp\/v2\/comments?post=39027"}],"version-history":[{"count":4,"href":"https:\/\/www.sudoestehoje.com.br\/novoportal\/wp-json\/wp\/v2\/posts\/39027\/revisions"}],"predecessor-version":[{"id":39035,"href":"https:\/\/www.sudoestehoje.com.br\/novoportal\/wp-json\/wp\/v2\/posts\/39027\/revisions\/39035"}],"wp:attachment":[{"href":"https:\/\/www.sudoestehoje.com.br\/novoportal\/wp-json\/wp\/v2\/media?parent=39027"}],"wp:term":[{"taxonomy":"category","embeddable":true,"href":"https:\/\/www.sudoestehoje.com.br\/novoportal\/wp-json\/wp\/v2\/categories?post=39027"},{"taxonomy":"post_tag","embeddable":true,"href":"https:\/\/www.sudoestehoje.com.br\/novoportal\/wp-json\/wp\/v2\/tags?post=39027"}],"curies":[{"name":"wp","href":"https:\/\/api.w.org\/{rel}","templated":true}]}}