
{"id":39021,"date":"2014-07-17T20:00:54","date_gmt":"2014-07-17T23:00:54","guid":{"rendered":"http:\/\/www.sudoestehoje.com.br\/novoportal\/?p=39021"},"modified":"2014-07-17T20:32:37","modified_gmt":"2014-07-17T23:32:37","slug":"petista-fecha-com-a-oposicao","status":"publish","type":"post","link":"https:\/\/www.sudoestehoje.com.br\/novoportal\/2014\/07\/17\/petista-fecha-com-a-oposicao\/","title":{"rendered":"PETISTA FECHA COM A OPOSI\u00c7\u00c3O"},"content":{"rendered":"<p style=\"text-align: center;\"><a href=\"http:\/\/www.sudoestehoje.com.br\/novoportal\/wp-content\/uploads\/2014\/07\/JEOVA.jpg\"><img decoding=\"async\" class=\"aligncenter  wp-image-39022\" alt=\"JEOVA\" src=\"http:\/\/www.sudoestehoje.com.br\/novoportal\/wp-content\/uploads\/2014\/07\/JEOVA.jpg\" width=\"500\" \/><\/a><\/p>\n<p>O ex-prefeito de S\u00e3o Jos\u00e9 da Vit\u00f3ria, Jeov\u00e1 Nunes, ainda \u00e9 filiado ao PT, mas s\u00f3 mesmo perante a justi\u00e7a eleitoral. Na pr\u00e1tica, o petista j\u00e1 rasgou a carteirinha e se tornou opositor e cr\u00edtico do governador Jaques Wagner.<\/p>\n<p>O primeiro sinal foi emitido em maio, quando Nunes anunciou apoio \u00e0 reelei\u00e7\u00e3o do deputado estadual Augusto Castro (PSDB). Mas ainda se esperava que, no \u00e2mbito federal, ele marchasse com Geraldo Sim\u00f5es (PT).<\/p>\n<p>O prefeito de Salvador, ACM Neto, que tem o h\u00e1bito de seduzir opositores, atuou para convencer Nunes a fechar um \u201cservi\u00e7o completo\u201d. Assim, al\u00e9m de Augusto, o ex-prefeito de S\u00e3o Jos\u00e9 decidiu tamb\u00e9m apoiar Paulo Azi (DEM) para deputado federal. De quebra, ele ainda pedir\u00e1 votos para Geddel e Paulo Souto. Pimenta<\/p>\n<p style=\"text-align: center;\"><img loading=\"lazy\" decoding=\"async\" class=\"aligncenter\" alt=\"\" src=\"http:\/\/www.sudoestehoje.com.br\/novoportal\/wp-content\/uploads\/2014\/04\/BICHO-MANIA-LOGO.jpg\" width=\"400\" height=\"300\" \/><\/p>\n","protected":false},"excerpt":{"rendered":"<p>O ex-prefeito de S\u00e3o Jos\u00e9 da Vit\u00f3ria, Jeov\u00e1 Nunes, ainda \u00e9 filiado ao PT, mas s\u00f3 mesmo perante a justi\u00e7a eleitoral. Na pr\u00e1tica, o petista j\u00e1 rasgou a carteirinha e se tornou opositor e cr\u00edtico do governador Jaques Wagner. O primeiro sinal foi emitido em maio, quando Nunes anunciou apoio \u00e0 reelei\u00e7\u00e3o do deputado estadual [&hellip;]<\/p>\n","protected":false},"author":2,"featured_media":0,"comment_status":"open","ping_status":"open","sticky":false,"template":"","format":"standard","meta":{"footnotes":"","_links_to":"","_links_to_target":""},"categories":[1],"tags":[],"class_list":["post-39021","post","type-post","status-publish","format-standard","hentry","category-geral"],"views":1197,"_links":{"self":[{"href":"https:\/\/www.sudoestehoje.com.br\/novoportal\/wp-json\/wp\/v2\/posts\/39021","targetHints":{"allow":["GET"]}}],"collection":[{"href":"https:\/\/www.sudoestehoje.com.br\/novoportal\/wp-json\/wp\/v2\/posts"}],"about":[{"href":"https:\/\/www.sudoestehoje.com.br\/novoportal\/wp-json\/wp\/v2\/types\/post"}],"author":[{"embeddable":true,"href":"https:\/\/www.sudoestehoje.com.br\/novoportal\/wp-json\/wp\/v2\/users\/2"}],"replies":[{"embeddable":true,"href":"https:\/\/www.sudoestehoje.com.br\/novoportal\/wp-json\/wp\/v2\/comments?post=39021"}],"version-history":[{"count":4,"href":"https:\/\/www.sudoestehoje.com.br\/novoportal\/wp-json\/wp\/v2\/posts\/39021\/revisions"}],"predecessor-version":[{"id":39038,"href":"https:\/\/www.sudoestehoje.com.br\/novoportal\/wp-json\/wp\/v2\/posts\/39021\/revisions\/39038"}],"wp:attachment":[{"href":"https:\/\/www.sudoestehoje.com.br\/novoportal\/wp-json\/wp\/v2\/media?parent=39021"}],"wp:term":[{"taxonomy":"category","embeddable":true,"href":"https:\/\/www.sudoestehoje.com.br\/novoportal\/wp-json\/wp\/v2\/categories?post=39021"},{"taxonomy":"post_tag","embeddable":true,"href":"https:\/\/www.sudoestehoje.com.br\/novoportal\/wp-json\/wp\/v2\/tags?post=39021"}],"curies":[{"name":"wp","href":"https:\/\/api.w.org\/{rel}","templated":true}]}}