
{"id":39016,"date":"2014-07-17T19:50:36","date_gmt":"2014-07-17T22:50:36","guid":{"rendered":"http:\/\/www.sudoestehoje.com.br\/novoportal\/?p=39016"},"modified":"2014-07-17T20:35:47","modified_gmt":"2014-07-17T23:35:47","slug":"rui-costa-nao-vai-a-debate-sobre-seguranca-promovido-pela-ufba","status":"publish","type":"post","link":"https:\/\/www.sudoestehoje.com.br\/novoportal\/2014\/07\/17\/rui-costa-nao-vai-a-debate-sobre-seguranca-promovido-pela-ufba\/","title":{"rendered":"RUI COSTA N\u00c3O VAI A DEBATE SOBRE SEGURAN\u00c7A PROMOVIDO PELA UFBA"},"content":{"rendered":"<div id=\"attachment_39017\" style=\"width: 510px\" class=\"wp-caption aligncenter\"><a href=\"http:\/\/www.sudoestehoje.com.br\/novoportal\/wp-content\/uploads\/2014\/07\/rui-costa-brumado-agora-lula-82.jpg\"><img loading=\"lazy\" decoding=\"async\" aria-describedby=\"caption-attachment-39017\" class=\"size-medium wp-image-39017\" alt=\"Candidato governista se nega a discutir sobre seguran\u00e7a p\u00fablica em debate. Os demais candidatos compareceram.\" src=\"http:\/\/www.sudoestehoje.com.br\/novoportal\/wp-content\/uploads\/2014\/07\/rui-costa-brumado-agora-lula-82-500x326.jpg\" width=\"500\" height=\"326\" srcset=\"https:\/\/www.sudoestehoje.com.br\/novoportal\/wp-content\/uploads\/2014\/07\/rui-costa-brumado-agora-lula-82-500x326.jpg 500w, https:\/\/www.sudoestehoje.com.br\/novoportal\/wp-content\/uploads\/2014\/07\/rui-costa-brumado-agora-lula-82.jpg 510w\" sizes=\"auto, (max-width: 500px) 100vw, 500px\" \/><\/a><p id=\"caption-attachment-39017\" class=\"wp-caption-text\">Candidato governista se nega a discutir sobre seguran\u00e7a p\u00fablica em debate. Os demais candidatos compareceram.<\/p><\/div>\n<p>\u00danico candidato a governador\u00a0<a href=\"http:\/\/www.bahianoticias.com.br\/noticia\/157384-eleicoes-bahia-so-rui-costa-nao-deve-participar-de-debate-sobre-seguranca-publica-na-ufba.html\" target=\"_blank\"><strong>ausente<\/strong><\/a>\u00a0no debate promovido pela Universidade Federal da Bahia, nesta quinta-feira (17), marcado para as 19h, o petista Rui Costa afirmou, em entrevista \u00e0 r\u00e1dio CBN, que a discuss\u00e3o sobre a preven\u00e7\u00e3o \u00e0 viol\u00eancia n\u00e3o \u00e9 restrita ao estado.<\/p>\n<p>\u201cSeguran\u00e7a n\u00e3o \u00e9 s\u00f3 quest\u00e3o para a Bahia. S\u00e3o Paulo, por exemplo, bate recorde em explos\u00f5es de caixas eletr\u00f4nicos. O governo federal tem que entrar de forma decisiva, com o Ex\u00e9rcito e Pol\u00edcia Federal, que s\u00e3o os respons\u00e1veis pelo controle de compra e venda de explosivos\u201d, defendeu.<\/p>\n<p>A recusa do candidato petista \u00e9 injustific\u00e1vel, principalmente para quem est\u00e1 em ampla desvantagem nas pesquisas eleitorais. Essa estrat\u00e9gia de fugir dos debates s\u00f3 \u00e9 justific\u00e1vel quando o candidato mant\u00e9m uma dianteira confort\u00e1vel e n\u00e3o quer correr riscos, o que n\u00e3o se aplica ao candidato petista, neste momento.<\/p>\n<p><strong><em>Da Reda\u00e7\u00e3o<\/em><\/strong><\/p>\n<p>&nbsp;<\/p>\n<p style=\"text-align: center;\"><a href=\"http:\/\/www.sudoestehoje.com.br\/novoportal\/wp-content\/uploads\/2014\/07\/feira-do-lar-banner-atual.jpg\"><img loading=\"lazy\" decoding=\"async\" class=\"aligncenter  wp-image-39039\" alt=\"feira do lar- banner atual\" src=\"http:\/\/www.sudoestehoje.com.br\/novoportal\/wp-content\/uploads\/2014\/07\/feira-do-lar-banner-atual-500x206.jpg\" width=\"500\" height=\"180\" \/><\/a><\/p>\n","protected":false},"excerpt":{"rendered":"<p>\u00danico candidato a governador\u00a0ausente\u00a0no debate promovido pela Universidade Federal da Bahia, nesta quinta-feira (17), marcado para as 19h, o petista Rui Costa afirmou, em entrevista \u00e0 r\u00e1dio CBN, que a discuss\u00e3o sobre a preven\u00e7\u00e3o \u00e0 viol\u00eancia n\u00e3o \u00e9 restrita ao estado. \u201cSeguran\u00e7a n\u00e3o \u00e9 s\u00f3 quest\u00e3o para a Bahia. S\u00e3o Paulo, por exemplo, bate recorde [&hellip;]<\/p>\n","protected":false},"author":2,"featured_media":0,"comment_status":"open","ping_status":"open","sticky":false,"template":"","format":"standard","meta":{"footnotes":"","_links_to":"","_links_to_target":""},"categories":[1],"tags":[],"class_list":["post-39016","post","type-post","status-publish","format-standard","hentry","category-geral"],"views":978,"_links":{"self":[{"href":"https:\/\/www.sudoestehoje.com.br\/novoportal\/wp-json\/wp\/v2\/posts\/39016","targetHints":{"allow":["GET"]}}],"collection":[{"href":"https:\/\/www.sudoestehoje.com.br\/novoportal\/wp-json\/wp\/v2\/posts"}],"about":[{"href":"https:\/\/www.sudoestehoje.com.br\/novoportal\/wp-json\/wp\/v2\/types\/post"}],"author":[{"embeddable":true,"href":"https:\/\/www.sudoestehoje.com.br\/novoportal\/wp-json\/wp\/v2\/users\/2"}],"replies":[{"embeddable":true,"href":"https:\/\/www.sudoestehoje.com.br\/novoportal\/wp-json\/wp\/v2\/comments?post=39016"}],"version-history":[{"count":5,"href":"https:\/\/www.sudoestehoje.com.br\/novoportal\/wp-json\/wp\/v2\/posts\/39016\/revisions"}],"predecessor-version":[{"id":39041,"href":"https:\/\/www.sudoestehoje.com.br\/novoportal\/wp-json\/wp\/v2\/posts\/39016\/revisions\/39041"}],"wp:attachment":[{"href":"https:\/\/www.sudoestehoje.com.br\/novoportal\/wp-json\/wp\/v2\/media?parent=39016"}],"wp:term":[{"taxonomy":"category","embeddable":true,"href":"https:\/\/www.sudoestehoje.com.br\/novoportal\/wp-json\/wp\/v2\/categories?post=39016"},{"taxonomy":"post_tag","embeddable":true,"href":"https:\/\/www.sudoestehoje.com.br\/novoportal\/wp-json\/wp\/v2\/tags?post=39016"}],"curies":[{"name":"wp","href":"https:\/\/api.w.org\/{rel}","templated":true}]}}