
{"id":39007,"date":"2014-07-17T09:02:02","date_gmt":"2014-07-17T12:02:02","guid":{"rendered":"http:\/\/www.sudoestehoje.com.br\/novoportal\/?p=39007"},"modified":"2014-07-17T09:38:36","modified_gmt":"2014-07-17T12:38:36","slug":"nota-de-esclarecimento-de-herzem-e-destaque-na-imprensa-baiana","status":"publish","type":"post","link":"https:\/\/www.sudoestehoje.com.br\/novoportal\/2014\/07\/17\/nota-de-esclarecimento-de-herzem-e-destaque-na-imprensa-baiana\/","title":{"rendered":"PUNI\u00c7\u00c3O DESPROPORCIONAL CONTRA HERZEM \u00c9 DESTAQUE NA IMPRENSA BAIANA"},"content":{"rendered":"<p><img decoding=\"async\" class=\"alignleft\" alt=\"\" src=\"http:\/\/static.blogdaresenhageral.com.br\/wp-content\/uploads\/2014\/07\/Herzem-Gusm%C3%A3o.jpg?150b87\" \/><\/p>\n<p>Sobre a not\u00edcia do pedido de impugna\u00e7\u00e3o da candidatura pelo MPE, o presidente do PMDB de Vit\u00f3ria da Conquista, e candidato a deputado estadual, Herzem Gusm\u00e3o, enviou nota que foi reproduzida pelo Bahia Not\u00edcias de Salvador. Na nota o BN destacou o trecho a seguir: (\u2026) \u201cGusm\u00e3o diz sofrer \u201ccensura\u201d por coment\u00e1rios feitos em seu programa de r\u00e1dio. \u201cNa Justi\u00e7a brasileira n\u00e3o existe puni\u00e7\u00e3o a jornalistas, com condena\u00e7\u00e3o por inelegibilidade por oito anos por delito de opini\u00e3o\u201d, reclama, em nota enviada ao BN.<\/p>\n<p>O peemedebista afirma que o atual presidente do Tribunal Superior Eleitoral (TSE), Dias T\u00f3foli, declarou em entrevista \u201cs\u00f3 \u00e9 considerada propaganda antecipada quando existe pedido de votos\u201d e que espera a corre\u00e7\u00e3o da senten\u00e7a. \u201cNesse momento, em que sou alvo de uma a\u00e7\u00e3o que ainda cabe recurso, quero tranquilizar a todos que confio na reforma desta senten\u00e7a. Acredito na Justi\u00e7a e utilizarei todos os meios necess\u00e1rios para continuar tendo o direito de representar a minha cidade e a minha regi\u00e3o\u201d, defendeu.<\/p>\n<p>A entrevista do ministro T\u00f3foli, citada pelo BN, aconteceu no in\u00edcio do m\u00eas ao jornalista Alexandre Garcia na Globo News. O renomado advogado Ademir Ismerim est\u00e1 acompanhando a caso e far\u00e1 a defesa de Herzem Gusm\u00e3o junto ao Tribunal Regional Eleitoral (TRE). \u201cNa pr\u00f3xima semana darei in\u00edcio a nossa campanha eleitoral com a distribui\u00e7\u00e3o na cidade e regi\u00e3o de algumas pe\u00e7as publicit\u00e1rias\u201d, disse Gusm\u00e3o. Blog da Resenha Geral<\/p>\n<p>&nbsp;<\/p>\n<p><img decoding=\"async\" class=\"aligncenter\" alt=\"SERVLAR BANNER\" src=\"http:\/\/www.sudoestehoje.com.br\/novoportal\/wp-content\/uploads\/2014\/06\/SERVLAR-BANNER4-500x178.jpg\" \/><\/p>\n","protected":false},"excerpt":{"rendered":"<p>Sobre a not\u00edcia do pedido de impugna\u00e7\u00e3o da candidatura pelo MPE, o presidente do PMDB de Vit\u00f3ria da Conquista, e candidato a deputado estadual, Herzem Gusm\u00e3o, enviou nota que foi reproduzida pelo Bahia Not\u00edcias de Salvador. Na nota o BN destacou o trecho a seguir: (\u2026) \u201cGusm\u00e3o diz sofrer \u201ccensura\u201d por coment\u00e1rios feitos em seu [&hellip;]<\/p>\n","protected":false},"author":2,"featured_media":0,"comment_status":"open","ping_status":"open","sticky":false,"template":"","format":"standard","meta":{"footnotes":"","_links_to":"","_links_to_target":""},"categories":[1],"tags":[],"class_list":["post-39007","post","type-post","status-publish","format-standard","hentry","category-geral"],"views":1071,"_links":{"self":[{"href":"https:\/\/www.sudoestehoje.com.br\/novoportal\/wp-json\/wp\/v2\/posts\/39007","targetHints":{"allow":["GET"]}}],"collection":[{"href":"https:\/\/www.sudoestehoje.com.br\/novoportal\/wp-json\/wp\/v2\/posts"}],"about":[{"href":"https:\/\/www.sudoestehoje.com.br\/novoportal\/wp-json\/wp\/v2\/types\/post"}],"author":[{"embeddable":true,"href":"https:\/\/www.sudoestehoje.com.br\/novoportal\/wp-json\/wp\/v2\/users\/2"}],"replies":[{"embeddable":true,"href":"https:\/\/www.sudoestehoje.com.br\/novoportal\/wp-json\/wp\/v2\/comments?post=39007"}],"version-history":[{"count":5,"href":"https:\/\/www.sudoestehoje.com.br\/novoportal\/wp-json\/wp\/v2\/posts\/39007\/revisions"}],"predecessor-version":[{"id":39013,"href":"https:\/\/www.sudoestehoje.com.br\/novoportal\/wp-json\/wp\/v2\/posts\/39007\/revisions\/39013"}],"wp:attachment":[{"href":"https:\/\/www.sudoestehoje.com.br\/novoportal\/wp-json\/wp\/v2\/media?parent=39007"}],"wp:term":[{"taxonomy":"category","embeddable":true,"href":"https:\/\/www.sudoestehoje.com.br\/novoportal\/wp-json\/wp\/v2\/categories?post=39007"},{"taxonomy":"post_tag","embeddable":true,"href":"https:\/\/www.sudoestehoje.com.br\/novoportal\/wp-json\/wp\/v2\/tags?post=39007"}],"curies":[{"name":"wp","href":"https:\/\/api.w.org\/{rel}","templated":true}]}}