
{"id":38996,"date":"2014-07-16T19:12:40","date_gmt":"2014-07-16T22:12:40","guid":{"rendered":"http:\/\/www.sudoestehoje.com.br\/novoportal\/?p=38996"},"modified":"2014-07-16T19:14:41","modified_gmt":"2014-07-16T22:14:41","slug":"alfredo-cabral-viabiliza-retorno-do-coletivo-a-feira-do-primavera","status":"publish","type":"post","link":"https:\/\/www.sudoestehoje.com.br\/novoportal\/2014\/07\/16\/alfredo-cabral-viabiliza-retorno-do-coletivo-a-feira-do-primavera\/","title":{"rendered":"VEREADOR ALFREDO VIABILIZA RETORNO DO COLETIVO \u00c0 FEIRA DO PRIMAVERA"},"content":{"rendered":"<p><a href=\"http:\/\/www.sudoestehoje.com.br\/novoportal\/wp-content\/uploads\/2014\/07\/alfredo-via\u00e7\u00e3o.jpg\"><img loading=\"lazy\" decoding=\"async\" class=\"aligncenter size-medium wp-image-38997\" alt=\"alfredo via\u00e7\u00e3o\" src=\"http:\/\/www.sudoestehoje.com.br\/novoportal\/wp-content\/uploads\/2014\/07\/alfredo-via\u00e7\u00e3o-500x233.jpg\" width=\"500\" height=\"233\" srcset=\"https:\/\/www.sudoestehoje.com.br\/novoportal\/wp-content\/uploads\/2014\/07\/alfredo-via\u00e7\u00e3o-500x233.jpg 500w, https:\/\/www.sudoestehoje.com.br\/novoportal\/wp-content\/uploads\/2014\/07\/alfredo-via\u00e7\u00e3o-700x326.jpg 700w, https:\/\/www.sudoestehoje.com.br\/novoportal\/wp-content\/uploads\/2014\/07\/alfredo-via\u00e7\u00e3o.jpg 960w\" sizes=\"auto, (max-width: 500px) 100vw, 500px\" \/><\/a><\/p>\n<p><strong><em>Por Davi Ferraz<\/em><\/strong><\/p>\n<p>A volta do transporte coletivo \u00e0 feira do bairro Primavera se transformou em uma prioridade para o vereador Alfredo Cabral de Assis (PSD), que n\u00e3o sossegou enquanto n\u00e3o conseguiu um compromisso da dire\u00e7\u00e3o da Via\u00e7\u00e3o Itapetinga, em reativar a linha.<\/p>\n<p>Em reuni\u00e3o realizada no escrit\u00f3rio do vereador Alfredo Cabral, com a presen\u00e7a dos representantes da Via\u00e7\u00e3o Itapetinga, c\u00e2mara de vereadores, Comutran e moradores do bairro Primavera, ficou definido que o transporte coletivo, ponto da feira do Primavera, ser\u00e1 restabelecido o mais breve poss\u00edvel, dependendo apenas dos servi\u00e7os de sinaliza\u00e7\u00e3o pela Comutran, que se comprometeu a iniciar imediatamente.<\/p>\n<p>Com referencia \u00e0 implanta\u00e7\u00e3o de linhas em outros bairros, a exemplo do Quintas do Sul, Vila Suzano, Vila Izabel e Ecozane, o representante da Via\u00e7\u00e3o Itapetinga, Alexandre Godinho, informou que de imediato n\u00e3o teria como atender essas reivindica\u00e7\u00f5es, mas assumiu o compromisso de implant\u00e1-las futuramente.<\/p>\n<p>A empresa vem alegando dificuldades nos acessos a esses bairros, devido aos buracos e pavimenta\u00e7\u00e3o irregular em diversas ruas.<\/p>\n","protected":false},"excerpt":{"rendered":"<p>Por Davi Ferraz A volta do transporte coletivo \u00e0 feira do bairro Primavera se transformou em uma prioridade para o vereador Alfredo Cabral de Assis (PSD), que n\u00e3o sossegou enquanto n\u00e3o conseguiu um compromisso da dire\u00e7\u00e3o da Via\u00e7\u00e3o Itapetinga, em reativar a linha. Em reuni\u00e3o realizada no escrit\u00f3rio do vereador Alfredo Cabral, com a presen\u00e7a [&hellip;]<\/p>\n","protected":false},"author":2,"featured_media":0,"comment_status":"open","ping_status":"open","sticky":false,"template":"","format":"standard","meta":{"footnotes":"","_links_to":"","_links_to_target":""},"categories":[1],"tags":[],"class_list":["post-38996","post","type-post","status-publish","format-standard","hentry","category-geral"],"views":1216,"_links":{"self":[{"href":"https:\/\/www.sudoestehoje.com.br\/novoportal\/wp-json\/wp\/v2\/posts\/38996","targetHints":{"allow":["GET"]}}],"collection":[{"href":"https:\/\/www.sudoestehoje.com.br\/novoportal\/wp-json\/wp\/v2\/posts"}],"about":[{"href":"https:\/\/www.sudoestehoje.com.br\/novoportal\/wp-json\/wp\/v2\/types\/post"}],"author":[{"embeddable":true,"href":"https:\/\/www.sudoestehoje.com.br\/novoportal\/wp-json\/wp\/v2\/users\/2"}],"replies":[{"embeddable":true,"href":"https:\/\/www.sudoestehoje.com.br\/novoportal\/wp-json\/wp\/v2\/comments?post=38996"}],"version-history":[{"count":4,"href":"https:\/\/www.sudoestehoje.com.br\/novoportal\/wp-json\/wp\/v2\/posts\/38996\/revisions"}],"predecessor-version":[{"id":39001,"href":"https:\/\/www.sudoestehoje.com.br\/novoportal\/wp-json\/wp\/v2\/posts\/38996\/revisions\/39001"}],"wp:attachment":[{"href":"https:\/\/www.sudoestehoje.com.br\/novoportal\/wp-json\/wp\/v2\/media?parent=38996"}],"wp:term":[{"taxonomy":"category","embeddable":true,"href":"https:\/\/www.sudoestehoje.com.br\/novoportal\/wp-json\/wp\/v2\/categories?post=38996"},{"taxonomy":"post_tag","embeddable":true,"href":"https:\/\/www.sudoestehoje.com.br\/novoportal\/wp-json\/wp\/v2\/tags?post=38996"}],"curies":[{"name":"wp","href":"https:\/\/api.w.org\/{rel}","templated":true}]}}