
{"id":38991,"date":"2014-07-16T17:59:04","date_gmt":"2014-07-16T20:59:04","guid":{"rendered":"http:\/\/www.sudoestehoje.com.br\/novoportal\/?p=38991"},"modified":"2014-07-16T18:00:58","modified_gmt":"2014-07-16T21:00:58","slug":"noticias-de-itarantim","status":"publish","type":"post","link":"https:\/\/www.sudoestehoje.com.br\/novoportal\/2014\/07\/16\/noticias-de-itarantim\/","title":{"rendered":"NOT\u00cdCIAS DE ITARANTIM"},"content":{"rendered":"<p style=\"text-align: center;\"><strong>TERRENO \u00c9 COMPRADO PARA NOVO PSF E ESCOLA<\/strong><\/p>\n<p><img decoding=\"async\" class=\"aligncenter\" alt=\"\" src=\"http:\/\/2.bp.blogspot.com\/-XMkUwphP9g0\/U8Wn2ZpYBpI\/AAAAAAAAOB0\/a28xgASPOH4\/s1600\/DSC_4439.JPG\" width=\"500\" \/><\/p>\n<p>O prefeito Paulo Fernandes adquiriu, esta semana, uma \u00e1rea urbana no bairro Senhor do Bonfim, para a constru\u00e7\u00e3o de uma Unidade de Sa\u00fade da Fam\u00edlia e uma escola do ensino b\u00e1sico, cujas obras dever\u00e3o ter in\u00edcio ainda este ano, ap\u00f3s libera\u00e7\u00e3o dos recursos. Os moradores do bairro receberam a not\u00edcia com euforia e j\u00e1 agradecem o esfor\u00e7o do prefeito Paulo Fernandes, antecipadamente.<\/p>\n<p style=\"text-align: center;\"><strong>SELE\u00c7\u00c3O DE ITARANTIM NO INTERMUNICIPAL<\/strong><\/p>\n<p><img decoding=\"async\" class=\"aligncenter\" alt=\"\" src=\"http:\/\/2.bp.blogspot.com\/-FgKCu8Gk8Xw\/U7_GPdZTDxI\/AAAAAAAAN_8\/WX7cLDa7M1I\/s1600\/DDD+(1).JPG\" width=\"500\" \/><\/p>\n<p>Depois de 8 anos fora da disputa do Campeonato Intermunicipal de Futebol, promovido pela Federa\u00e7\u00e3o Baiana, o selecionado de futebol da cidade retorna \u00e0 competi\u00e7\u00e3o, sob o comando do meia Paulo Almeida, que fez sucesso no Santos e outras grandes equipes do futebol brasileiro. O prefeito Paulo Fernandes est\u00e1 se empenhando, juntamente com\u00a0Paulo Almeida, o secret\u00e1rio Adriano, Lupita, Binha,Taratini e toda equipe secretaria da esportes, para colocar em campo uma equipe capaz de disputar o t\u00edtulo da competi\u00e7\u00e3o. Informa\u00e7\u00f5es do Itarantim Agora.<\/p>\n","protected":false},"excerpt":{"rendered":"<p>TERRENO \u00c9 COMPRADO PARA NOVO PSF E ESCOLA O prefeito Paulo Fernandes adquiriu, esta semana, uma \u00e1rea urbana no bairro Senhor do Bonfim, para a constru\u00e7\u00e3o de uma Unidade de Sa\u00fade da Fam\u00edlia e uma escola do ensino b\u00e1sico, cujas obras dever\u00e3o ter in\u00edcio ainda este ano, ap\u00f3s libera\u00e7\u00e3o dos recursos. Os moradores do bairro [&hellip;]<\/p>\n","protected":false},"author":2,"featured_media":0,"comment_status":"open","ping_status":"open","sticky":false,"template":"","format":"standard","meta":{"footnotes":"","_links_to":"","_links_to_target":""},"categories":[1],"tags":[],"class_list":["post-38991","post","type-post","status-publish","format-standard","hentry","category-geral"],"views":1159,"_links":{"self":[{"href":"https:\/\/www.sudoestehoje.com.br\/novoportal\/wp-json\/wp\/v2\/posts\/38991","targetHints":{"allow":["GET"]}}],"collection":[{"href":"https:\/\/www.sudoestehoje.com.br\/novoportal\/wp-json\/wp\/v2\/posts"}],"about":[{"href":"https:\/\/www.sudoestehoje.com.br\/novoportal\/wp-json\/wp\/v2\/types\/post"}],"author":[{"embeddable":true,"href":"https:\/\/www.sudoestehoje.com.br\/novoportal\/wp-json\/wp\/v2\/users\/2"}],"replies":[{"embeddable":true,"href":"https:\/\/www.sudoestehoje.com.br\/novoportal\/wp-json\/wp\/v2\/comments?post=38991"}],"version-history":[{"count":4,"href":"https:\/\/www.sudoestehoje.com.br\/novoportal\/wp-json\/wp\/v2\/posts\/38991\/revisions"}],"predecessor-version":[{"id":38995,"href":"https:\/\/www.sudoestehoje.com.br\/novoportal\/wp-json\/wp\/v2\/posts\/38991\/revisions\/38995"}],"wp:attachment":[{"href":"https:\/\/www.sudoestehoje.com.br\/novoportal\/wp-json\/wp\/v2\/media?parent=38991"}],"wp:term":[{"taxonomy":"category","embeddable":true,"href":"https:\/\/www.sudoestehoje.com.br\/novoportal\/wp-json\/wp\/v2\/categories?post=38991"},{"taxonomy":"post_tag","embeddable":true,"href":"https:\/\/www.sudoestehoje.com.br\/novoportal\/wp-json\/wp\/v2\/tags?post=38991"}],"curies":[{"name":"wp","href":"https:\/\/api.w.org\/{rel}","templated":true}]}}