
{"id":38982,"date":"2014-07-16T13:50:26","date_gmt":"2014-07-16T16:50:26","guid":{"rendered":"http:\/\/www.sudoestehoje.com.br\/novoportal\/?p=38982"},"modified":"2014-07-16T14:15:38","modified_gmt":"2014-07-16T17:15:38","slug":"ujs-realiza-forum-em-itapetinga","status":"publish","type":"post","link":"https:\/\/www.sudoestehoje.com.br\/novoportal\/2014\/07\/16\/ujs-realiza-forum-em-itapetinga\/","title":{"rendered":"UJS REALIZA F\u00d3RUM EM ITAPETINGA"},"content":{"rendered":"<p style=\"text-align: center;\"><img decoding=\"async\" class=\"aligncenter\" alt=\"Foto: Blog do Anderson\" src=\"http:\/\/img.blogdoanderson.com\/2014\/07\/1-DSC_0561-400x265.jpg\" width=\"450\" \/><\/p>\n<p>A Uni\u00e3o da Juventude Socialista (UJS) realiza, neste s\u00e1bado (19), em Itapetinga o 1\u00ba F\u00f3rum do N\u00facleo da UJS. A Uni\u00e3o da Juventude Socialista, denominada UJS, fundada em 22 de setembro de 1984 com sede em S\u00e3o Paulo, \u00e9 uma organiza\u00e7\u00e3o juvenil, pol\u00edtica, humanista, patri\u00f3tica, internacionalista, de defesa e propaganda do socialismo cient\u00edfico, onde participam jovens estudantes, trabalhadores, artistas, esportistas, cientistas e intelectuais que atua compreendendo e respeitando a diversidade da juventude.<\/p>\n<p>Para tanto, busca contato com todas as manifesta\u00e7\u00f5es e organiza\u00e7\u00f5es juvenis, que estejam de acordo com seus objetivos e princ\u00edpios. O evento, presidido por\u00a0Claudio Paiva\u00a0Barreto,\u00a0ser\u00e1 \u00e0s 18 horas, na C\u00e2mara Municipal e contar\u00e1 com a participa\u00e7\u00e3o do deputado estadual Jean Fabr\u00edcio Falc\u00e3o (PCdoB). Blog do Anderson<\/p>\n<p>&nbsp;<\/p>\n<p><img decoding=\"async\" class=\"aligncenter\" alt=\"Turmalina1\" src=\"http:\/\/www.sudoestehoje.com.br\/novoportal\/wp-content\/uploads\/2014\/06\/Turmalina12-500x168.jpg\" \/><\/p>\n","protected":false},"excerpt":{"rendered":"<p>A Uni\u00e3o da Juventude Socialista (UJS) realiza, neste s\u00e1bado (19), em Itapetinga o 1\u00ba F\u00f3rum do N\u00facleo da UJS. A Uni\u00e3o da Juventude Socialista, denominada UJS, fundada em 22 de setembro de 1984 com sede em S\u00e3o Paulo, \u00e9 uma organiza\u00e7\u00e3o juvenil, pol\u00edtica, humanista, patri\u00f3tica, internacionalista, de defesa e propaganda do socialismo cient\u00edfico, onde participam [&hellip;]<\/p>\n","protected":false},"author":2,"featured_media":0,"comment_status":"open","ping_status":"open","sticky":false,"template":"","format":"standard","meta":{"footnotes":"","_links_to":"","_links_to_target":""},"categories":[1],"tags":[],"class_list":["post-38982","post","type-post","status-publish","format-standard","hentry","category-geral"],"views":999,"_links":{"self":[{"href":"https:\/\/www.sudoestehoje.com.br\/novoportal\/wp-json\/wp\/v2\/posts\/38982","targetHints":{"allow":["GET"]}}],"collection":[{"href":"https:\/\/www.sudoestehoje.com.br\/novoportal\/wp-json\/wp\/v2\/posts"}],"about":[{"href":"https:\/\/www.sudoestehoje.com.br\/novoportal\/wp-json\/wp\/v2\/types\/post"}],"author":[{"embeddable":true,"href":"https:\/\/www.sudoestehoje.com.br\/novoportal\/wp-json\/wp\/v2\/users\/2"}],"replies":[{"embeddable":true,"href":"https:\/\/www.sudoestehoje.com.br\/novoportal\/wp-json\/wp\/v2\/comments?post=38982"}],"version-history":[{"count":2,"href":"https:\/\/www.sudoestehoje.com.br\/novoportal\/wp-json\/wp\/v2\/posts\/38982\/revisions"}],"predecessor-version":[{"id":38985,"href":"https:\/\/www.sudoestehoje.com.br\/novoportal\/wp-json\/wp\/v2\/posts\/38982\/revisions\/38985"}],"wp:attachment":[{"href":"https:\/\/www.sudoestehoje.com.br\/novoportal\/wp-json\/wp\/v2\/media?parent=38982"}],"wp:term":[{"taxonomy":"category","embeddable":true,"href":"https:\/\/www.sudoestehoje.com.br\/novoportal\/wp-json\/wp\/v2\/categories?post=38982"},{"taxonomy":"post_tag","embeddable":true,"href":"https:\/\/www.sudoestehoje.com.br\/novoportal\/wp-json\/wp\/v2\/tags?post=38982"}],"curies":[{"name":"wp","href":"https:\/\/api.w.org\/{rel}","templated":true}]}}