
{"id":38979,"date":"2014-07-16T13:37:25","date_gmt":"2014-07-16T16:37:25","guid":{"rendered":"http:\/\/www.sudoestehoje.com.br\/novoportal\/?p=38979"},"modified":"2014-07-16T14:17:29","modified_gmt":"2014-07-16T17:17:29","slug":"28-candidaturas-sao-impugnadas-pela-procuradoria-eleitoral","status":"publish","type":"post","link":"https:\/\/www.sudoestehoje.com.br\/novoportal\/2014\/07\/16\/28-candidaturas-sao-impugnadas-pela-procuradoria-eleitoral\/","title":{"rendered":"28 CANDIDATURAS S\u00c3O IMPUGNADAS PELA PROCURADORIA ELEITORAL"},"content":{"rendered":"<div id=\"attachment_38980\" style=\"width: 510px\" class=\"wp-caption aligncenter\"><a href=\"http:\/\/www.sudoestehoje.com.br\/novoportal\/wp-content\/uploads\/2014\/07\/moema-gramacho-e-luiz-.jpg\"><img loading=\"lazy\" decoding=\"async\" aria-describedby=\"caption-attachment-38980\" class=\"size-medium wp-image-38980\" alt=\"Os petistas Luiz Caetano e Moema Gramacho est\u00e3o na lista dos impugnados pela PRE. \" src=\"http:\/\/www.sudoestehoje.com.br\/novoportal\/wp-content\/uploads\/2014\/07\/moema-gramacho-e-luiz--500x357.jpg\" width=\"500\" height=\"357\" srcset=\"https:\/\/www.sudoestehoje.com.br\/novoportal\/wp-content\/uploads\/2014\/07\/moema-gramacho-e-luiz--500x357.jpg 500w, https:\/\/www.sudoestehoje.com.br\/novoportal\/wp-content\/uploads\/2014\/07\/moema-gramacho-e-luiz-.jpg 700w\" sizes=\"auto, (max-width: 500px) 100vw, 500px\" \/><\/a><p id=\"caption-attachment-38980\" class=\"wp-caption-text\">Os petistas Luiz Caetano e Moema Gramacho est\u00e3o na lista dos impugnados pela PRE.<\/p><\/div>\n<p>A Procuradoria Regional Eleitoral (PRE) impugnou, de domingo (13) a ter\u00e7a-feira (15), 30 registros de candidaturas de deputados, sete federais e 23 estaduais, por enquadramento na Lei da Ficha Limpa. Entre os postulantes, est\u00e3o o ex-prefeito de Cama\u00e7ari e a ex-gestora de Lauro de Freitas, Luiz Caetano e Moema Gramacho, ambos petistas e concorrentes a vagas na C\u00e2mara Federal, devido a condena\u00e7\u00f5es no Tribunal de Contas dos Munic\u00edpios (TCM). Aspirante \u00e0 Assembleia Legislativa, o radialista H\u00e9rzem Gusm\u00e3o (PMDB) tamb\u00e9m teve candidatura impugnada, por ter sido condenado pelo TRE por il\u00edcito eleitoral.<\/p>\n<p>A lista ainda tem os nomes dos candidatos ao Congresso: o deputado federal Geraldo Sim\u00f5es (PT) [reprovado pelo TCU], o ex-parlamentar\u00a0Joseph Bandeira (PT) [condenado por crime contra a administra\u00e7\u00e3o p\u00fablica, al\u00e9m dos tribunais de Contas da Uni\u00e3o e do Estado]; o\u00a0ex-prefeito de Irec\u00ea\u00a0Beto L\u00e9lis (PMDB) [sentenciado pelo TRE pela pr\u00e1tica de crime eleitoral]; o ex-deputado Jos\u00e9 Carlos de Jesus Rodrigues (PP) [reprovado pelo TCM]; o ex-prefeito de Cruz das Almas, Orlando Peixoto [inabilitado pelo TCM]; e a ex-gestora de Barreiras, Jusmari Oliveira (PSD) [reprovada pelo TCM]. Entre os pleiteantes \u00e0 AL-BA, est\u00e3o os deputados Carlos Brasileiro (PT) [reprovado pelo TCE, TCM e C\u00e2mara Municipal], Z\u00e9 Raimundo (PT) [inabilitado pelo TCM]; J\u00e2nio Natal (PRP) [reprovado pelo TCM]; Joseildo Ramos (PT) [crime contra administra\u00e7\u00e3o p\u00fablica]; bem como o ex-prefeito de Feira de Santana, Tarc\u00edzio Pimenta (PHS) [reprovado pelo TCM].\u00a0Cabe \u00e0 Justi\u00e7a Eleitoral jugar as a\u00e7\u00f5es e deferir ou n\u00e3o as candidaturas. Os impugnados t\u00eam sete dias para contestar.<strong>\u00a0<a href=\"http:\/\/www.prba.mpf.mp.br\/mpf-noticias\/eleitoral\/Relaodeimpugnados.pdf\" target=\"_blank\">Confira a lista completa.<\/a><\/strong><\/p>\n<p>&nbsp;<\/p>\n<p><img decoding=\"async\" class=\"aligncenter\" alt=\"\u00d3TICA-ITAPUAN-BANNER1\" src=\"http:\/\/www.sudoestehoje.com.br\/novoportal\/wp-content\/uploads\/2014\/06\/%C3%93TICA-ITAPUAN-BANNER14.jpg\" \/><\/p>\n","protected":false},"excerpt":{"rendered":"<p>A Procuradoria Regional Eleitoral (PRE) impugnou, de domingo (13) a ter\u00e7a-feira (15), 30 registros de candidaturas de deputados, sete federais e 23 estaduais, por enquadramento na Lei da Ficha Limpa. Entre os postulantes, est\u00e3o o ex-prefeito de Cama\u00e7ari e a ex-gestora de Lauro de Freitas, Luiz Caetano e Moema Gramacho, ambos petistas e concorrentes a [&hellip;]<\/p>\n","protected":false},"author":2,"featured_media":0,"comment_status":"open","ping_status":"open","sticky":false,"template":"","format":"standard","meta":{"footnotes":"","_links_to":"","_links_to_target":""},"categories":[1],"tags":[],"class_list":["post-38979","post","type-post","status-publish","format-standard","hentry","category-geral"],"views":1115,"_links":{"self":[{"href":"https:\/\/www.sudoestehoje.com.br\/novoportal\/wp-json\/wp\/v2\/posts\/38979","targetHints":{"allow":["GET"]}}],"collection":[{"href":"https:\/\/www.sudoestehoje.com.br\/novoportal\/wp-json\/wp\/v2\/posts"}],"about":[{"href":"https:\/\/www.sudoestehoje.com.br\/novoportal\/wp-json\/wp\/v2\/types\/post"}],"author":[{"embeddable":true,"href":"https:\/\/www.sudoestehoje.com.br\/novoportal\/wp-json\/wp\/v2\/users\/2"}],"replies":[{"embeddable":true,"href":"https:\/\/www.sudoestehoje.com.br\/novoportal\/wp-json\/wp\/v2\/comments?post=38979"}],"version-history":[{"count":2,"href":"https:\/\/www.sudoestehoje.com.br\/novoportal\/wp-json\/wp\/v2\/posts\/38979\/revisions"}],"predecessor-version":[{"id":38986,"href":"https:\/\/www.sudoestehoje.com.br\/novoportal\/wp-json\/wp\/v2\/posts\/38979\/revisions\/38986"}],"wp:attachment":[{"href":"https:\/\/www.sudoestehoje.com.br\/novoportal\/wp-json\/wp\/v2\/media?parent=38979"}],"wp:term":[{"taxonomy":"category","embeddable":true,"href":"https:\/\/www.sudoestehoje.com.br\/novoportal\/wp-json\/wp\/v2\/categories?post=38979"},{"taxonomy":"post_tag","embeddable":true,"href":"https:\/\/www.sudoestehoje.com.br\/novoportal\/wp-json\/wp\/v2\/tags?post=38979"}],"curies":[{"name":"wp","href":"https:\/\/api.w.org\/{rel}","templated":true}]}}