
{"id":38973,"date":"2014-07-16T09:22:19","date_gmt":"2014-07-16T12:22:19","guid":{"rendered":"http:\/\/www.sudoestehoje.com.br\/novoportal\/?p=38973"},"modified":"2014-07-16T14:19:23","modified_gmt":"2014-07-16T17:19:23","slug":"mpe-tenta-impugnar-candidaturas-de-herzem-gusmao-e-ze-raimundo","status":"publish","type":"post","link":"https:\/\/www.sudoestehoje.com.br\/novoportal\/2014\/07\/16\/mpe-tenta-impugnar-candidaturas-de-herzem-gusmao-e-ze-raimundo\/","title":{"rendered":"MPE TENTA IMPUGNAR CANDIDATURAS DE HERZEM GUSM\u00c3O E Z\u00c9 RAIMUNDO"},"content":{"rendered":"<p style=\"text-align: center;\"><img decoding=\"async\" class=\"aligncenter\" alt=\"HERZEM FOTO BBB\" src=\"http:\/\/static.blogdaresenhageral.com.br\/wp-content\/uploads\/2014\/07\/HERZEM-FOTO-BBB.jpg?150b87\" width=\"250\" \/><\/p>\n<p><span style=\"line-height: 1.5em;\">O MPE \u2013 Minist\u00e9rio P\u00fablico Eleitoral entrou com pedido de impugna\u00e7\u00e3o dos registros de candidaturas a deputado estadual de Herzem Gusm\u00e3o (PMDB) e Jos\u00e9 Raimundo Fontes (PT). No site do pr\u00f3prio TRE www.tre-ba.jus.br constam os pedidos do MP.<\/span><\/p>\n<p>No caso de Gusm\u00e3o, O MPE alegou que o candidato em 2011 usou meio de comunica\u00e7\u00e3o para propaganda eleitoral antecipada. O advogado Dr. Ademir Ismerim foi acionado com intuito de assegurar ao candidato do PMDB o direito de disputar as elei\u00e7\u00f5es deste ano.<\/p>\n<p style=\"text-align: center;\"><img decoding=\"async\" class=\"aligncenter\" alt=\"\" src=\"http:\/\/static.blogdaresenhageral.com.br\/wp-content\/uploads\/2014\/07\/Z%C3%89-Z%C3%88-BB.jpg?150b87\" width=\"250\" \/><\/p>\n<p>VIT\u00d3RIA DA CONQUISTA: Contra a candidatura a reelei\u00e7\u00e3o de Fontes, O MPE solicitou a impugna\u00e7\u00e3o devido contas rejeitadas pelo TCM na \u00e9poca que ele era prefeito em Vit\u00f3ria da Conquista. O MPE concede ap\u00f3s notifica\u00e7\u00e3o 7 dias para que os dois possam apresentar as suas respectivas defesas. Segundo informa\u00e7\u00f5es os dois candidatos est\u00e3o confiantes e tranq\u00fcilos na certeza que os seus nomes, j\u00e1 registrados, ser\u00e3o confirmados pela Justi\u00e7a Eleitoral.<\/p>\n<p><strong><em>Blog da Resenha Geral<\/em><\/strong><\/p>\n<p>&nbsp;<\/p>\n<p><img decoding=\"async\" class=\"aligncenter\" alt=\"SERVLAR BANNER\" src=\"http:\/\/www.sudoestehoje.com.br\/novoportal\/wp-content\/uploads\/2014\/06\/SERVLAR-BANNER4-500x178.jpg\" \/><\/p>\n","protected":false},"excerpt":{"rendered":"<p>O MPE \u2013 Minist\u00e9rio P\u00fablico Eleitoral entrou com pedido de impugna\u00e7\u00e3o dos registros de candidaturas a deputado estadual de Herzem Gusm\u00e3o (PMDB) e Jos\u00e9 Raimundo Fontes (PT). No site do pr\u00f3prio TRE www.tre-ba.jus.br constam os pedidos do MP. No caso de Gusm\u00e3o, O MPE alegou que o candidato em 2011 usou meio de comunica\u00e7\u00e3o para [&hellip;]<\/p>\n","protected":false},"author":2,"featured_media":0,"comment_status":"open","ping_status":"open","sticky":false,"template":"","format":"standard","meta":{"footnotes":"","_links_to":"","_links_to_target":""},"categories":[1],"tags":[],"class_list":["post-38973","post","type-post","status-publish","format-standard","hentry","category-geral"],"views":1148,"_links":{"self":[{"href":"https:\/\/www.sudoestehoje.com.br\/novoportal\/wp-json\/wp\/v2\/posts\/38973","targetHints":{"allow":["GET"]}}],"collection":[{"href":"https:\/\/www.sudoestehoje.com.br\/novoportal\/wp-json\/wp\/v2\/posts"}],"about":[{"href":"https:\/\/www.sudoestehoje.com.br\/novoportal\/wp-json\/wp\/v2\/types\/post"}],"author":[{"embeddable":true,"href":"https:\/\/www.sudoestehoje.com.br\/novoportal\/wp-json\/wp\/v2\/users\/2"}],"replies":[{"embeddable":true,"href":"https:\/\/www.sudoestehoje.com.br\/novoportal\/wp-json\/wp\/v2\/comments?post=38973"}],"version-history":[{"count":6,"href":"https:\/\/www.sudoestehoje.com.br\/novoportal\/wp-json\/wp\/v2\/posts\/38973\/revisions"}],"predecessor-version":[{"id":38987,"href":"https:\/\/www.sudoestehoje.com.br\/novoportal\/wp-json\/wp\/v2\/posts\/38973\/revisions\/38987"}],"wp:attachment":[{"href":"https:\/\/www.sudoestehoje.com.br\/novoportal\/wp-json\/wp\/v2\/media?parent=38973"}],"wp:term":[{"taxonomy":"category","embeddable":true,"href":"https:\/\/www.sudoestehoje.com.br\/novoportal\/wp-json\/wp\/v2\/categories?post=38973"},{"taxonomy":"post_tag","embeddable":true,"href":"https:\/\/www.sudoestehoje.com.br\/novoportal\/wp-json\/wp\/v2\/tags?post=38973"}],"curies":[{"name":"wp","href":"https:\/\/api.w.org\/{rel}","templated":true}]}}