
{"id":38960,"date":"2014-07-15T21:19:12","date_gmt":"2014-07-16T00:19:12","guid":{"rendered":"http:\/\/www.sudoestehoje.com.br\/novoportal\/?p=38960"},"modified":"2014-07-15T21:27:10","modified_gmt":"2014-07-16T00:27:10","slug":"prefeitura-derruba-arvores-em-pracinha-no-bairro-primavera","status":"publish","type":"post","link":"https:\/\/www.sudoestehoje.com.br\/novoportal\/2014\/07\/15\/prefeitura-derruba-arvores-em-pracinha-no-bairro-primavera\/","title":{"rendered":"PREFEITURA DERRUBA \u00c1RVORES EM PRACINHA NO BAIRRO PRIMAVERA"},"content":{"rendered":"<p><a href=\"http:\/\/www.sudoestehoje.com.br\/novoportal\/wp-content\/uploads\/2014\/07\/arvores-1.jpg\"><img loading=\"lazy\" decoding=\"async\" class=\"aligncenter size-medium wp-image-38961\" alt=\"arvores 1\" src=\"http:\/\/www.sudoestehoje.com.br\/novoportal\/wp-content\/uploads\/2014\/07\/arvores-1-500x375.jpg\" width=\"500\" height=\"375\" srcset=\"https:\/\/www.sudoestehoje.com.br\/novoportal\/wp-content\/uploads\/2014\/07\/arvores-1-500x375.jpg 500w, https:\/\/www.sudoestehoje.com.br\/novoportal\/wp-content\/uploads\/2014\/07\/arvores-1-700x525.jpg 700w, https:\/\/www.sudoestehoje.com.br\/novoportal\/wp-content\/uploads\/2014\/07\/arvores-1.jpg 960w\" sizes=\"auto, (max-width: 500px) 100vw, 500px\" \/><\/a><\/p>\n<p><strong><em>Por Davi Ferraz<\/em><\/strong><\/p>\n<p>ITAPETINGA: Apesar da revolta e pedidos dos moradores, o setor de jardinagem da prefeitura de Itapetinga, subordinado \u00e0 Secretaria (fantasma) de Agricultura e Meio Ambiente, derrubou todas as \u00e1rvores de uma pracinha localizada no bairro Primavera.<\/p>\n<p><a href=\"http:\/\/www.sudoestehoje.com.br\/novoportal\/wp-content\/uploads\/2014\/07\/arvores-2.jpg\"><img loading=\"lazy\" decoding=\"async\" class=\"aligncenter size-medium wp-image-38962\" alt=\"arvores 2\" src=\"http:\/\/www.sudoestehoje.com.br\/novoportal\/wp-content\/uploads\/2014\/07\/arvores-2-500x375.jpg\" width=\"500\" height=\"375\" srcset=\"https:\/\/www.sudoestehoje.com.br\/novoportal\/wp-content\/uploads\/2014\/07\/arvores-2-500x375.jpg 500w, https:\/\/www.sudoestehoje.com.br\/novoportal\/wp-content\/uploads\/2014\/07\/arvores-2-700x525.jpg 700w, https:\/\/www.sudoestehoje.com.br\/novoportal\/wp-content\/uploads\/2014\/07\/arvores-2.jpg 960w\" sizes=\"auto, (max-width: 500px) 100vw, 500px\" \/><\/a><\/p>\n<p>Segundo os moradores, o encarregado Julio Rosa n\u00e3o justificou as raz\u00f5es da secretaria para derrubar as \u00e1rvores, que serviam de sombra na pra\u00e7a.\u00a0At\u00e9 o assessor &#8216;predileto&#8217; do prefeito, Romildo Teixeira, que tamb\u00e9m \u00e9 morador da pra\u00e7a, teria manifestado a sua indigna\u00e7\u00e3o, afirmando: &#8220;se eu estivesse aqui, n\u00e3o teria deixado&#8230;&#8221;.<\/p>\n<p><a href=\"http:\/\/www.sudoestehoje.com.br\/novoportal\/wp-content\/uploads\/2014\/07\/arvores-3.jpg\"><img loading=\"lazy\" decoding=\"async\" class=\"aligncenter size-medium wp-image-38963\" alt=\"arvores 3\" src=\"http:\/\/www.sudoestehoje.com.br\/novoportal\/wp-content\/uploads\/2014\/07\/arvores-3-500x375.jpg\" width=\"500\" height=\"375\" srcset=\"https:\/\/www.sudoestehoje.com.br\/novoportal\/wp-content\/uploads\/2014\/07\/arvores-3-500x375.jpg 500w, https:\/\/www.sudoestehoje.com.br\/novoportal\/wp-content\/uploads\/2014\/07\/arvores-3-700x525.jpg 700w, https:\/\/www.sudoestehoje.com.br\/novoportal\/wp-content\/uploads\/2014\/07\/arvores-3.jpg 960w\" sizes=\"auto, (max-width: 500px) 100vw, 500px\" \/><\/a><\/p>\n<p>Entretanto, h\u00e1 quem diga que ele sabia da a\u00e7\u00e3o da secretaria de &#8216;Berraus&#8217;, mas que simulou indigna\u00e7\u00e3o para n\u00e3o &#8216;queimar o filme&#8217; com os vizinhos, que ficaram revoltados com esse verdadeiro crime ecol\u00f3gico, praticado pelo pr\u00f3prio poder p\u00fablico, que tem como uma das suas atribui\u00e7\u00f5es, \u00a0zelar pelos interesses da comunidade.<\/p>\n<p>Mas n\u00e3o \u00e9 isto que o prefeito e seus atrapalhados assessores t\u00eam feito&#8230;<\/p>\n<p><a href=\"http:\/\/www.sudoestehoje.com.br\/novoportal\/wp-content\/uploads\/2014\/07\/arvores.jpg\"><img loading=\"lazy\" decoding=\"async\" class=\"aligncenter size-medium wp-image-38965\" alt=\"arvores\" src=\"http:\/\/www.sudoestehoje.com.br\/novoportal\/wp-content\/uploads\/2014\/07\/arvores-500x375.jpg\" width=\"500\" height=\"375\" srcset=\"https:\/\/www.sudoestehoje.com.br\/novoportal\/wp-content\/uploads\/2014\/07\/arvores-500x375.jpg 500w, https:\/\/www.sudoestehoje.com.br\/novoportal\/wp-content\/uploads\/2014\/07\/arvores-700x525.jpg 700w, https:\/\/www.sudoestehoje.com.br\/novoportal\/wp-content\/uploads\/2014\/07\/arvores.jpg 960w\" sizes=\"auto, (max-width: 500px) 100vw, 500px\" \/><\/a><\/p>\n<p><img decoding=\"async\" class=\"aligncenter\" alt=\"\" src=\"https:\/\/fbcdn-sphotos-c-a.akamaihd.net\/hphotos-ak-xfp1\/t1.0-9\/10489897_316746335151326_9208437481627524186_n.jpg\" width=\"500\" \/><\/p>\n<p>&nbsp;<\/p>\n<p>&nbsp;<\/p>\n<p><img decoding=\"async\" class=\"aligncenter\" alt=\"SERVLAR BANNER\" src=\"http:\/\/www.sudoestehoje.com.br\/novoportal\/wp-content\/uploads\/2014\/06\/SERVLAR-BANNER4-500x178.jpg\" \/><\/p>\n","protected":false},"excerpt":{"rendered":"<p>Por Davi Ferraz ITAPETINGA: Apesar da revolta e pedidos dos moradores, o setor de jardinagem da prefeitura de Itapetinga, subordinado \u00e0 Secretaria (fantasma) de Agricultura e Meio Ambiente, derrubou todas as \u00e1rvores de uma pracinha localizada no bairro Primavera. Segundo os moradores, o encarregado Julio Rosa n\u00e3o justificou as raz\u00f5es da secretaria para derrubar as [&hellip;]<\/p>\n","protected":false},"author":2,"featured_media":0,"comment_status":"open","ping_status":"open","sticky":false,"template":"","format":"standard","meta":{"footnotes":"","_links_to":"","_links_to_target":""},"categories":[1],"tags":[],"class_list":["post-38960","post","type-post","status-publish","format-standard","hentry","category-geral"],"views":1338,"_links":{"self":[{"href":"https:\/\/www.sudoestehoje.com.br\/novoportal\/wp-json\/wp\/v2\/posts\/38960","targetHints":{"allow":["GET"]}}],"collection":[{"href":"https:\/\/www.sudoestehoje.com.br\/novoportal\/wp-json\/wp\/v2\/posts"}],"about":[{"href":"https:\/\/www.sudoestehoje.com.br\/novoportal\/wp-json\/wp\/v2\/types\/post"}],"author":[{"embeddable":true,"href":"https:\/\/www.sudoestehoje.com.br\/novoportal\/wp-json\/wp\/v2\/users\/2"}],"replies":[{"embeddable":true,"href":"https:\/\/www.sudoestehoje.com.br\/novoportal\/wp-json\/wp\/v2\/comments?post=38960"}],"version-history":[{"count":3,"href":"https:\/\/www.sudoestehoje.com.br\/novoportal\/wp-json\/wp\/v2\/posts\/38960\/revisions"}],"predecessor-version":[{"id":38968,"href":"https:\/\/www.sudoestehoje.com.br\/novoportal\/wp-json\/wp\/v2\/posts\/38960\/revisions\/38968"}],"wp:attachment":[{"href":"https:\/\/www.sudoestehoje.com.br\/novoportal\/wp-json\/wp\/v2\/media?parent=38960"}],"wp:term":[{"taxonomy":"category","embeddable":true,"href":"https:\/\/www.sudoestehoje.com.br\/novoportal\/wp-json\/wp\/v2\/categories?post=38960"},{"taxonomy":"post_tag","embeddable":true,"href":"https:\/\/www.sudoestehoje.com.br\/novoportal\/wp-json\/wp\/v2\/tags?post=38960"}],"curies":[{"name":"wp","href":"https:\/\/api.w.org\/{rel}","templated":true}]}}