
{"id":38937,"date":"2014-07-14T21:36:39","date_gmt":"2014-07-15T00:36:39","guid":{"rendered":"http:\/\/www.sudoestehoje.com.br\/novoportal\/?p=38937"},"modified":"2014-07-15T09:22:17","modified_gmt":"2014-07-15T12:22:17","slug":"terceirizados-da-educacao-fecham-escolas-estaduais-em-conquista","status":"publish","type":"post","link":"https:\/\/www.sudoestehoje.com.br\/novoportal\/2014\/07\/14\/terceirizados-da-educacao-fecham-escolas-estaduais-em-conquista\/","title":{"rendered":"TERCEIRIZADOS DA EDUCA\u00c7\u00c3O FECHAM ESCOLAS ESTADUAIS EM CONQUISTA"},"content":{"rendered":"<p style=\"text-align: center;\"><img decoding=\"async\" class=\"aligncenter\" alt=\"\" src=\"http:\/\/i.imgur.com\/wSrQy5c.jpg\" width=\"500\" \/><\/p>\n<p>Apenas cinco das 30 escolas estaduais do munic\u00edpio de Vit\u00f3ria da Conquista tiveram aula normal nesta segunda-feira (14), primeiro dia letivo ap\u00f3s o recesso escolar.\u00a0O motivo \u00e9 a paralisa\u00e7\u00e3o dos funcion\u00e1rios terceirizados da limpeza, portaria, recep\u00e7\u00e3o e administra\u00e7\u00e3o, que est\u00e3o sem receber sal\u00e1rios.<\/p>\n<p>Os funcion\u00e1rios sem trabalhar s\u00e3o das empresas Flex e Contrate, sediadas em Salvador. Os empregados da Flex est\u00e3o h\u00e1 tr\u00eas meses sem sal\u00e1rio, enquanto os da Contrate est\u00e3o h\u00e1 dois. Eles tamb\u00e9m alegam que est\u00e3o sem vale transporte, vale alimenta\u00e7\u00e3o e com f\u00e9rias atrasadas. De acordo com o sindicato que representa a categoria, os funcion\u00e1rios s\u00f3 retomar\u00e3o as atividades depois que todo o d\u00e9bito for quitado. Informa\u00e7\u00f5es Blog do Marcelo\/foto Blog do Rodrigo Ferraz<\/p>\n<p>&nbsp;<\/p>\n<p><img decoding=\"async\" class=\"aligncenter\" alt=\"Feira-do-Lar (1)\" src=\"http:\/\/www.sudoestehoje.com.br\/novoportal\/wp-content\/uploads\/2014\/07\/Feira-do-Lar-1.png\" \/><\/p>\n","protected":false},"excerpt":{"rendered":"<p>Apenas cinco das 30 escolas estaduais do munic\u00edpio de Vit\u00f3ria da Conquista tiveram aula normal nesta segunda-feira (14), primeiro dia letivo ap\u00f3s o recesso escolar.\u00a0O motivo \u00e9 a paralisa\u00e7\u00e3o dos funcion\u00e1rios terceirizados da limpeza, portaria, recep\u00e7\u00e3o e administra\u00e7\u00e3o, que est\u00e3o sem receber sal\u00e1rios. Os funcion\u00e1rios sem trabalhar s\u00e3o das empresas Flex e Contrate, sediadas em [&hellip;]<\/p>\n","protected":false},"author":2,"featured_media":0,"comment_status":"open","ping_status":"open","sticky":false,"template":"","format":"standard","meta":{"footnotes":"","_links_to":"","_links_to_target":""},"categories":[1],"tags":[],"class_list":["post-38937","post","type-post","status-publish","format-standard","hentry","category-geral"],"views":1137,"_links":{"self":[{"href":"https:\/\/www.sudoestehoje.com.br\/novoportal\/wp-json\/wp\/v2\/posts\/38937","targetHints":{"allow":["GET"]}}],"collection":[{"href":"https:\/\/www.sudoestehoje.com.br\/novoportal\/wp-json\/wp\/v2\/posts"}],"about":[{"href":"https:\/\/www.sudoestehoje.com.br\/novoportal\/wp-json\/wp\/v2\/types\/post"}],"author":[{"embeddable":true,"href":"https:\/\/www.sudoestehoje.com.br\/novoportal\/wp-json\/wp\/v2\/users\/2"}],"replies":[{"embeddable":true,"href":"https:\/\/www.sudoestehoje.com.br\/novoportal\/wp-json\/wp\/v2\/comments?post=38937"}],"version-history":[{"count":4,"href":"https:\/\/www.sudoestehoje.com.br\/novoportal\/wp-json\/wp\/v2\/posts\/38937\/revisions"}],"predecessor-version":[{"id":38948,"href":"https:\/\/www.sudoestehoje.com.br\/novoportal\/wp-json\/wp\/v2\/posts\/38937\/revisions\/38948"}],"wp:attachment":[{"href":"https:\/\/www.sudoestehoje.com.br\/novoportal\/wp-json\/wp\/v2\/media?parent=38937"}],"wp:term":[{"taxonomy":"category","embeddable":true,"href":"https:\/\/www.sudoestehoje.com.br\/novoportal\/wp-json\/wp\/v2\/categories?post=38937"},{"taxonomy":"post_tag","embeddable":true,"href":"https:\/\/www.sudoestehoje.com.br\/novoportal\/wp-json\/wp\/v2\/tags?post=38937"}],"curies":[{"name":"wp","href":"https:\/\/api.w.org\/{rel}","templated":true}]}}