
{"id":38908,"date":"2014-07-13T19:26:31","date_gmt":"2014-07-13T22:26:31","guid":{"rendered":"http:\/\/www.sudoestehoje.com.br\/novoportal\/?p=38908"},"modified":"2014-07-14T14:13:22","modified_gmt":"2014-07-14T17:13:22","slug":"a-alemanha-mereceu-a-copa","status":"publish","type":"post","link":"https:\/\/www.sudoestehoje.com.br\/novoportal\/2014\/07\/13\/a-alemanha-mereceu-a-copa\/","title":{"rendered":"A ALEMANHA MERECEU A COPA!"},"content":{"rendered":"<p style=\"text-align: center;\"><img decoding=\"async\" class=\"aligncenter\" alt=\"\" src=\"https:\/\/scontent-a-atl.xx.fbcdn.net\/hphotos-xfa1\/t1.0-9\/10462439_663318687095331_8435646644165028313_n.jpg\" width=\"500\" \/><\/p>\n<p>Demorou, mas o tetra chegou. Depois de uma longa espera, com 24 anos sem levantar a Copa do Mundo, tr\u00eas edi\u00e7\u00f5es consecutivas batendo na trave (vice em 2002 e terceira colocada em 2006 e 2010) e uma nervosa prorroga\u00e7\u00e3o na final\u00edssima, neste domingo, no Maracan\u00e3, a Alemanha alcan\u00e7ou a It\u00e1lia, conquistando seu quarto t\u00edtulo mundial e deixando a Argentina mais uma vez com o vice, repetindo a \u00faltima decis\u00e3o entre as duas sele\u00e7\u00f5es, em 1990.<\/p>\n<p>A conquista veio apenas no segundo tempo do tempo extra, com um gola\u00e7o marcado por Mario G\u00f6tze: 1 a 0. Foi uma decis\u00e3o nervosa, equilibrada e muito disputada, com uma Argentina marcando forte e a Alemanha dominando a posse de bola e martelando incessantemente no ataque, ainda que sem grande precis\u00e3o.<\/p>\n<p>No fim, por\u00e9m, a melhor campanha da segunda Copa realizada no Brasil foi coroada com o t\u00edtulo, o primeiro de uma sele\u00e7\u00e3o europeia em um Mundial disputado num pa\u00eds sul-americano. Agora, n\u00e3o s\u00e3o s\u00f3 os italianos que est\u00e3o a apenas uma conquista de alcan\u00e7ar o Brasil: a Alemanha subiu de degrau e tamb\u00e9m pode igualar a sele\u00e7\u00e3o pentacampe\u00e3 j\u00e1 na pr\u00f3xima edi\u00e7\u00e3o, na R\u00fassia, em 2018.<\/p>\n<p>Foi a terceira Copa consecutiva vencida por uma sele\u00e7\u00e3o europeia, colocando o continente com duas Copas de vantagem na disputa com os sul-americanos: onze t\u00edtulos contra nove.<\/p>\n<p style=\"text-align: center;\"><img loading=\"lazy\" decoding=\"async\" class=\"aligncenter\" alt=\"\" src=\"http:\/\/www.itaclassificados.com.br\/arquivos\/curriculo_empresas\/130695996264389.jpg\" width=\"500\" height=\"138\" \/><\/p>\n","protected":false},"excerpt":{"rendered":"<p>Demorou, mas o tetra chegou. Depois de uma longa espera, com 24 anos sem levantar a Copa do Mundo, tr\u00eas edi\u00e7\u00f5es consecutivas batendo na trave (vice em 2002 e terceira colocada em 2006 e 2010) e uma nervosa prorroga\u00e7\u00e3o na final\u00edssima, neste domingo, no Maracan\u00e3, a Alemanha alcan\u00e7ou a It\u00e1lia, conquistando seu quarto t\u00edtulo mundial [&hellip;]<\/p>\n","protected":false},"author":2,"featured_media":0,"comment_status":"open","ping_status":"open","sticky":false,"template":"","format":"standard","meta":{"footnotes":"","_links_to":"","_links_to_target":""},"categories":[1],"tags":[],"class_list":["post-38908","post","type-post","status-publish","format-standard","hentry","category-geral"],"views":1454,"_links":{"self":[{"href":"https:\/\/www.sudoestehoje.com.br\/novoportal\/wp-json\/wp\/v2\/posts\/38908","targetHints":{"allow":["GET"]}}],"collection":[{"href":"https:\/\/www.sudoestehoje.com.br\/novoportal\/wp-json\/wp\/v2\/posts"}],"about":[{"href":"https:\/\/www.sudoestehoje.com.br\/novoportal\/wp-json\/wp\/v2\/types\/post"}],"author":[{"embeddable":true,"href":"https:\/\/www.sudoestehoje.com.br\/novoportal\/wp-json\/wp\/v2\/users\/2"}],"replies":[{"embeddable":true,"href":"https:\/\/www.sudoestehoje.com.br\/novoportal\/wp-json\/wp\/v2\/comments?post=38908"}],"version-history":[{"count":4,"href":"https:\/\/www.sudoestehoje.com.br\/novoportal\/wp-json\/wp\/v2\/posts\/38908\/revisions"}],"predecessor-version":[{"id":38917,"href":"https:\/\/www.sudoestehoje.com.br\/novoportal\/wp-json\/wp\/v2\/posts\/38908\/revisions\/38917"}],"wp:attachment":[{"href":"https:\/\/www.sudoestehoje.com.br\/novoportal\/wp-json\/wp\/v2\/media?parent=38908"}],"wp:term":[{"taxonomy":"category","embeddable":true,"href":"https:\/\/www.sudoestehoje.com.br\/novoportal\/wp-json\/wp\/v2\/categories?post=38908"},{"taxonomy":"post_tag","embeddable":true,"href":"https:\/\/www.sudoestehoje.com.br\/novoportal\/wp-json\/wp\/v2\/tags?post=38908"}],"curies":[{"name":"wp","href":"https:\/\/api.w.org\/{rel}","templated":true}]}}