
{"id":38904,"date":"2014-07-13T17:12:14","date_gmt":"2014-07-13T20:12:14","guid":{"rendered":"http:\/\/www.sudoestehoje.com.br\/novoportal\/?p=38904"},"modified":"2014-07-14T14:23:02","modified_gmt":"2014-07-14T17:23:02","slug":"critica-a-cbf-irrita-dilma-e-causa-mal-estar-na-campanha-petista","status":"publish","type":"post","link":"https:\/\/www.sudoestehoje.com.br\/novoportal\/2014\/07\/13\/critica-a-cbf-irrita-dilma-e-causa-mal-estar-na-campanha-petista\/","title":{"rendered":"CR\u00cdTICA \u00c0 CBF IRRITA DILMA E CAUSA MAL-ESTAR NA CAMPANHA PETISTA"},"content":{"rendered":"<p style=\"text-align: center;\"><img decoding=\"async\" class=\"aligncenter\" alt=\"\" src=\"http:\/\/www.portaldoholanda.com.br\/sites\/default\/files\/images\/dilma-irritada.jpg\" width=\"500\" \/><\/p>\n<p>Um texto postado na quarta-feira no site Muda Mais, vinculado \u00e0 campanha \u00e0 reelei\u00e7\u00e3o de Dilma Rousseff, causou constrangimento \u00e0 presidente e provocou um atrito com o Pal\u00e1cio do Planalto.<\/p>\n<p>Segundo relato de pessoas ligadas \u00e0 campanha, Dilma ficou &#8220;muito irritada&#8221; com o post que atacava o presidente da Confedera\u00e7\u00e3o Brasileira de Futebol (CBF), Jos\u00e9 Maria Marin &#8211; que estar\u00e1 ao lado dela, hoje (13), no Maracan\u00e3, para a entrega da ta\u00e7a ao campe\u00e3o da Copa do Mundo.<\/p>\n<p>Para tentar contornar o mal-estar criado pelo site ligado \u00e0 sua campanha, a presidente pediu que o post fosse retirado do ar, ou que seu autor assumisse a responsabilidade pelo texto. Os dois pedidos n\u00e3o foram atendidos.<\/p>\n<p><img decoding=\"async\" class=\"aligncenter\" alt=\"Turmalina1\" src=\"http:\/\/www.sudoestehoje.com.br\/novoportal\/wp-content\/uploads\/2014\/06\/Turmalina12-500x168.jpg\" \/><\/p>\n<p><!--more--><\/p>\n<p>O incidente teria levado a uma conversa dura entre o ex-ministro Franklin Martins, respons\u00e1vel pelo monitoramento das redes sociais, e a pr\u00f3pria presidente, o que gerou especula\u00e7\u00f5es de que ele poderia deixar a campanha. Ontem (12), procurado pelo Estado, o ex-ministro negou a informa\u00e7\u00e3o. &#8220;N\u00e3o teve estresse algum entre eu e a presidente&#8221;, afirmou Franklin.<\/p>\n<p>O Planalto nega que Dilma tenha conversado com o ex-ministro sobre o conte\u00fado do Muda Mais. O comit\u00ea de campanha tamb\u00e9m n\u00e3o confirma a informa\u00e7\u00e3o.<\/p>\n<p>\u0091Arena\u0092<\/p>\n<p>O texto do post dizia que &#8220;a terr\u00edvel elimina\u00e7\u00e3o da sele\u00e7\u00e3o na Copa do Mundo refor\u00e7ou o que h\u00e1 muito se dizia: a organiza\u00e7\u00e3o do futebol brasileiro est\u00e1 ultrapassada e presa ao nome de poucas figuras que revoltam o torcedor faz algumas d\u00e9cadas&#8221;.<\/p>\n<p>Afirma ainda que depois de ficar &#8220;por infind\u00e1veis 23 anos, nas m\u00e3os de Ricardo Teixeira&#8221;, a CBF passou, em 2012, para o comando de Jos\u00e9 Maria Marin.<\/p>\n<p>&#8220;Marin foi deputado estadual pela Arena e em 1975 proferiu um discurso contra a TV Cultura, que por muitos \u00e9 visto como um dos desencadeadores da morte de Vladimir Herzog, ex-diretor de telejornalismo da Cultura, encontrado morto 16 dias depois&#8221; dizia o texto, que ontem (12) permanecia na p\u00e1gina do site.<\/p>\n<p>O post criou uma queda de bra\u00e7o entre integrantes da pr\u00f3pria campanha de Dilma \u00e0 reelei\u00e7\u00e3o. Um dos dirigentes concordou com Dilma e foi contra o conte\u00fado do texto, alegando que era &#8220;inadmiss\u00edvel&#8221; atacar Marin, no momento em que todos est\u00e3o trabalhando juntos para que o torneio seja conclu\u00eddo com o maior sucesso poss\u00edvel.<\/p>\n<p>\u0091Constrangimento\u0092<\/p>\n<p>Segundo informa\u00e7\u00f5es obtidas pelo\u00a0Estado, a presidente entendeu que a postagem criticando Marin criou um &#8220;constrangimento desnecess\u00e1rio&#8221;. O grupo da campanha petista que defendia a veicula\u00e7\u00e3o do post, contudo, achou que n\u00e3o deveria voltar atr\u00e1s, embora tenha reconhecido que o tom foi exagerado. Mas n\u00e3o aceitou retirar o post. As informa\u00e7\u00f5es s\u00e3o do jornal\u00a0O Estado de S. Paulo.<\/p>\n","protected":false},"excerpt":{"rendered":"<p>Um texto postado na quarta-feira no site Muda Mais, vinculado \u00e0 campanha \u00e0 reelei\u00e7\u00e3o de Dilma Rousseff, causou constrangimento \u00e0 presidente e provocou um atrito com o Pal\u00e1cio do Planalto. Segundo relato de pessoas ligadas \u00e0 campanha, Dilma ficou &#8220;muito irritada&#8221; com o post que atacava o presidente da Confedera\u00e7\u00e3o Brasileira de Futebol (CBF), Jos\u00e9 [&hellip;]<\/p>\n","protected":false},"author":2,"featured_media":0,"comment_status":"open","ping_status":"open","sticky":false,"template":"","format":"standard","meta":{"footnotes":"","_links_to":"","_links_to_target":""},"categories":[1],"tags":[],"class_list":["post-38904","post","type-post","status-publish","format-standard","hentry","category-geral"],"views":1139,"_links":{"self":[{"href":"https:\/\/www.sudoestehoje.com.br\/novoportal\/wp-json\/wp\/v2\/posts\/38904","targetHints":{"allow":["GET"]}}],"collection":[{"href":"https:\/\/www.sudoestehoje.com.br\/novoportal\/wp-json\/wp\/v2\/posts"}],"about":[{"href":"https:\/\/www.sudoestehoje.com.br\/novoportal\/wp-json\/wp\/v2\/types\/post"}],"author":[{"embeddable":true,"href":"https:\/\/www.sudoestehoje.com.br\/novoportal\/wp-json\/wp\/v2\/users\/2"}],"replies":[{"embeddable":true,"href":"https:\/\/www.sudoestehoje.com.br\/novoportal\/wp-json\/wp\/v2\/comments?post=38904"}],"version-history":[{"count":6,"href":"https:\/\/www.sudoestehoje.com.br\/novoportal\/wp-json\/wp\/v2\/posts\/38904\/revisions"}],"predecessor-version":[{"id":38921,"href":"https:\/\/www.sudoestehoje.com.br\/novoportal\/wp-json\/wp\/v2\/posts\/38904\/revisions\/38921"}],"wp:attachment":[{"href":"https:\/\/www.sudoestehoje.com.br\/novoportal\/wp-json\/wp\/v2\/media?parent=38904"}],"wp:term":[{"taxonomy":"category","embeddable":true,"href":"https:\/\/www.sudoestehoje.com.br\/novoportal\/wp-json\/wp\/v2\/categories?post=38904"},{"taxonomy":"post_tag","embeddable":true,"href":"https:\/\/www.sudoestehoje.com.br\/novoportal\/wp-json\/wp\/v2\/tags?post=38904"}],"curies":[{"name":"wp","href":"https:\/\/api.w.org\/{rel}","templated":true}]}}