
{"id":38900,"date":"2014-07-13T16:15:07","date_gmt":"2014-07-13T19:15:07","guid":{"rendered":"http:\/\/www.sudoestehoje.com.br\/novoportal\/?p=38900"},"modified":"2014-07-14T14:25:49","modified_gmt":"2014-07-14T17:25:49","slug":"dilma-constrange-convidados-ao-nao-assistir-encerramento-da-copa","status":"publish","type":"post","link":"https:\/\/www.sudoestehoje.com.br\/novoportal\/2014\/07\/13\/dilma-constrange-convidados-ao-nao-assistir-encerramento-da-copa\/","title":{"rendered":"DILMA CONSTRANGE CONVIDADOS AO N\u00c3O ASSISTIR ENCERRAMENTO DA COPA"},"content":{"rendered":"<p><img decoding=\"async\" class=\"aligncenter\" alt=\"A chanceler alem\u00e3 Angela Merkel e o presidente da Fifa Joseph Blatter assistem \u00e0 cerim\u00f4nia de encerramento da Copa do Mundo no Maracan\u00e3\" src=\"http:\/\/veja3.abrilm.com.br\/assets\/images\/2014\/7\/234424\/encerramento-copa-20140713-29-size-598.jpg?1405277468\" width=\"500\" \/><\/p>\n<p>A presidente Dilma Rousseff n\u00e3o assistiu \u00e0 cerim\u00f4nia de encerramento da Copa do Mundo no est\u00e1dio do Maracan\u00e3. Na tribuna, estavam sozinhos \u2013 e constrangidos \u2013 o presidente da R\u00fassia, Valdimir Putin, e a chanceler alem\u00e3 Angela Merkel.<\/p>\n<p>A aus\u00eancia de Dilma provocou mal-estar entre dirigentes da Fifa e demais autoridades presentes \u00e0 tribuna. V\u00e1rios deles comentavam em voz baixa que se tratava de uma grosseria. O presidente da Fifa, Joseph Blatter, deixou claro seu desconforto com a aus\u00eancia de Dilma.<\/p>\n<p>Mais cedo,\u00a0a presidente\u00a0<a href=\"http:\/\/veja.abril.com.br\/noticia\/brasil\/dilma-se-reune-no-palacio-guanabara-com-chefes-de-estado\">almo\u00e7ou com nove autoridades<\/a>\u00a0no Pal\u00e1cio Guanabara.\u00a0Mesmo tentando se preservar e dispensando a cerim\u00f4nia de encerramento, Dilma ir\u00e1 ao Maracan\u00e3 acompanhar a final entre Alemanha e Argentina. E promete entregar a ta\u00e7a ao time campe\u00e3o. Resta saber se a presen\u00e7a de Dilma n\u00e3o ir\u00e1 provocar novas vaias.<\/p>\n<p>&nbsp;<\/p>\n<p><img decoding=\"async\" class=\"aligncenter\" alt=\"\u00d3TICA-ITAPUAN-BANNER1\" src=\"http:\/\/www.sudoestehoje.com.br\/novoportal\/wp-content\/uploads\/2014\/06\/%C3%93TICA-ITAPUAN-BANNER14.jpg\" \/><\/p>\n","protected":false},"excerpt":{"rendered":"<p>A presidente Dilma Rousseff n\u00e3o assistiu \u00e0 cerim\u00f4nia de encerramento da Copa do Mundo no est\u00e1dio do Maracan\u00e3. Na tribuna, estavam sozinhos \u2013 e constrangidos \u2013 o presidente da R\u00fassia, Valdimir Putin, e a chanceler alem\u00e3 Angela Merkel. A aus\u00eancia de Dilma provocou mal-estar entre dirigentes da Fifa e demais autoridades presentes \u00e0 tribuna. V\u00e1rios [&hellip;]<\/p>\n","protected":false},"author":2,"featured_media":0,"comment_status":"open","ping_status":"open","sticky":false,"template":"","format":"standard","meta":{"footnotes":"","_links_to":"","_links_to_target":""},"categories":[1],"tags":[],"class_list":["post-38900","post","type-post","status-publish","format-standard","hentry","category-geral"],"views":1069,"_links":{"self":[{"href":"https:\/\/www.sudoestehoje.com.br\/novoportal\/wp-json\/wp\/v2\/posts\/38900","targetHints":{"allow":["GET"]}}],"collection":[{"href":"https:\/\/www.sudoestehoje.com.br\/novoportal\/wp-json\/wp\/v2\/posts"}],"about":[{"href":"https:\/\/www.sudoestehoje.com.br\/novoportal\/wp-json\/wp\/v2\/types\/post"}],"author":[{"embeddable":true,"href":"https:\/\/www.sudoestehoje.com.br\/novoportal\/wp-json\/wp\/v2\/users\/2"}],"replies":[{"embeddable":true,"href":"https:\/\/www.sudoestehoje.com.br\/novoportal\/wp-json\/wp\/v2\/comments?post=38900"}],"version-history":[{"count":2,"href":"https:\/\/www.sudoestehoje.com.br\/novoportal\/wp-json\/wp\/v2\/posts\/38900\/revisions"}],"predecessor-version":[{"id":38922,"href":"https:\/\/www.sudoestehoje.com.br\/novoportal\/wp-json\/wp\/v2\/posts\/38900\/revisions\/38922"}],"wp:attachment":[{"href":"https:\/\/www.sudoestehoje.com.br\/novoportal\/wp-json\/wp\/v2\/media?parent=38900"}],"wp:term":[{"taxonomy":"category","embeddable":true,"href":"https:\/\/www.sudoestehoje.com.br\/novoportal\/wp-json\/wp\/v2\/categories?post=38900"},{"taxonomy":"post_tag","embeddable":true,"href":"https:\/\/www.sudoestehoje.com.br\/novoportal\/wp-json\/wp\/v2\/tags?post=38900"}],"curies":[{"name":"wp","href":"https:\/\/api.w.org\/{rel}","templated":true}]}}