
{"id":38898,"date":"2014-07-13T15:53:22","date_gmt":"2014-07-13T18:53:22","guid":{"rendered":"http:\/\/www.sudoestehoje.com.br\/novoportal\/?p=38898"},"modified":"2014-07-13T15:53:22","modified_gmt":"2014-07-13T18:53:22","slug":"motorista-morre-em-colisao-entre-dois-onibus-da-novo-horizonte","status":"publish","type":"post","link":"https:\/\/www.sudoestehoje.com.br\/novoportal\/2014\/07\/13\/motorista-morre-em-colisao-entre-dois-onibus-da-novo-horizonte\/","title":{"rendered":"MOTORISTA MORRE EM COLIS\u00c3O ENTRE DOIS \u00d4NIBUS DA NOVO HORIZONTE"},"content":{"rendered":"<p><img decoding=\"async\" class=\"aligncenter\" alt=\"Foto: R\u00e1dio Muria\u00e9\" src=\"http:\/\/www.blogdorodrigoferraz.com.br\/v1\/wp-content\/uploads\/2014\/07\/radio-muriae.jpg\" width=\"500\" \/><\/p>\n<p>Dois \u00f4nibus da Novo Horizonte se envolveram em um acidente na BR-116, no trecho entre Muria\u00e9 e Miradouro, em Minas Gerais, na madrugada deste domingo (13). De acordo com informa\u00e7\u00f5es da Pol\u00edcia Rodovi\u00e1ria Federal, tr\u00eas \u00f4nibus da empresa seguiam em comboio de Mata Verde (MG) para S\u00e3o Paulo, quando um dos motoristas teria perdido o controle da dire\u00e7\u00e3o e tombou em uma curva.<\/p>\n<p>O segundo condutor do ve\u00edculo n\u00e3o conseguiu parar o \u00f4nibus e morreu na colis\u00e3o. A v\u00edtima era natural de Vit\u00f3ria da Conquista e identificada como Mateus Brito Soares. O corpo dever\u00e1 chegar na cidade por volta das 19h. O vel\u00f3rio vai acontecer na Igreja Nova Si\u00e3o, localizada na Rua Paramirim, no Bairro Ibirapuera, em Conquista.<\/p>\n<p><img decoding=\"async\" class=\"aligncenter\" alt=\"Foto: R\u00e1dio Muria\u00e9\" src=\"http:\/\/www.blogdorodrigoferraz.com.br\/v1\/wp-content\/uploads\/2014\/07\/72.jpg\" width=\"500\" \/><\/p>\n<p>O presidente do sindicato dos rodovi\u00e1rios da cidade, \u00c1lvaro Sousa, lamentou o fato em conversa por telefone com a nossa reportagem.\u00a0O ve\u00edculo seguia da Bahia para S\u00e3o Paulo, com pelo menos 44 passageiros, quando caiu de uma ponte, na BR-116, entre Muria\u00e9 e Miradouro. Blog do Rodrigo Ferraz<\/p>\n","protected":false},"excerpt":{"rendered":"<p>Dois \u00f4nibus da Novo Horizonte se envolveram em um acidente na BR-116, no trecho entre Muria\u00e9 e Miradouro, em Minas Gerais, na madrugada deste domingo (13). De acordo com informa\u00e7\u00f5es da Pol\u00edcia Rodovi\u00e1ria Federal, tr\u00eas \u00f4nibus da empresa seguiam em comboio de Mata Verde (MG) para S\u00e3o Paulo, quando um dos motoristas teria perdido o [&hellip;]<\/p>\n","protected":false},"author":2,"featured_media":0,"comment_status":"open","ping_status":"open","sticky":false,"template":"","format":"standard","meta":{"footnotes":"","_links_to":"","_links_to_target":""},"categories":[1],"tags":[],"class_list":["post-38898","post","type-post","status-publish","format-standard","hentry","category-geral"],"views":1197,"_links":{"self":[{"href":"https:\/\/www.sudoestehoje.com.br\/novoportal\/wp-json\/wp\/v2\/posts\/38898","targetHints":{"allow":["GET"]}}],"collection":[{"href":"https:\/\/www.sudoestehoje.com.br\/novoportal\/wp-json\/wp\/v2\/posts"}],"about":[{"href":"https:\/\/www.sudoestehoje.com.br\/novoportal\/wp-json\/wp\/v2\/types\/post"}],"author":[{"embeddable":true,"href":"https:\/\/www.sudoestehoje.com.br\/novoportal\/wp-json\/wp\/v2\/users\/2"}],"replies":[{"embeddable":true,"href":"https:\/\/www.sudoestehoje.com.br\/novoportal\/wp-json\/wp\/v2\/comments?post=38898"}],"version-history":[{"count":1,"href":"https:\/\/www.sudoestehoje.com.br\/novoportal\/wp-json\/wp\/v2\/posts\/38898\/revisions"}],"predecessor-version":[{"id":38899,"href":"https:\/\/www.sudoestehoje.com.br\/novoportal\/wp-json\/wp\/v2\/posts\/38898\/revisions\/38899"}],"wp:attachment":[{"href":"https:\/\/www.sudoestehoje.com.br\/novoportal\/wp-json\/wp\/v2\/media?parent=38898"}],"wp:term":[{"taxonomy":"category","embeddable":true,"href":"https:\/\/www.sudoestehoje.com.br\/novoportal\/wp-json\/wp\/v2\/categories?post=38898"},{"taxonomy":"post_tag","embeddable":true,"href":"https:\/\/www.sudoestehoje.com.br\/novoportal\/wp-json\/wp\/v2\/tags?post=38898"}],"curies":[{"name":"wp","href":"https:\/\/api.w.org\/{rel}","templated":true}]}}