
{"id":38894,"date":"2014-07-13T14:45:11","date_gmt":"2014-07-13T17:45:11","guid":{"rendered":"http:\/\/www.sudoestehoje.com.br\/novoportal\/?p=38894"},"modified":"2014-07-13T14:50:51","modified_gmt":"2014-07-13T17:50:51","slug":"incendio-supostamente-criminoso-destroi-tapecaria-no-bandeira","status":"publish","type":"post","link":"https:\/\/www.sudoestehoje.com.br\/novoportal\/2014\/07\/13\/incendio-supostamente-criminoso-destroi-tapecaria-no-bandeira\/","title":{"rendered":"INC\u00caNDIO SUPOSTAMENTE CRIMINOSO DESTR\u00d3I TAPE\u00c7ARIA NO BANDEIRA"},"content":{"rendered":"<p style=\"text-align: center;\"><img decoding=\"async\" class=\"aligncenter\" alt=\"\" src=\"http:\/\/www.itororohoje.com\/ckfinder\/userfiles\/images\/8.jpg\" width=\"500\" \/><\/p>\n<p>Por volta da meia noite, aconteceu um inc\u00eandio na tape\u00e7aria de Edson, localizada no distrito de Bandeira do Col\u00f4nia. Segundo o blog Itoror\u00f3 Hoje, o fogo atingiu cerca de 5 metros metros de altura. A popula\u00e7\u00e3o, em um ato de solidariedade, ajudou a apagar o inc\u00eandio, j\u00e1 que n\u00e3o h\u00e1 brigada de inc\u00eandio no distrito.<\/p>\n<p>O inc\u00eandio pode ter sido de cunho criminoso, j\u00e1 que, segundo populares, o propriet\u00e1rio da tape\u00e7aria teve o seu celular roubado na tarde deste s\u00e1bado, por um jovem que prestava servi\u00e7os no seu estabelecimento. Edson conseguiu localizar o acusado de roubo e acompanhado dele, se dirigiu ao local onde o seu aparelho de celular havia sido vendido e conseguiu recuper\u00e1-lo.\u00a0Edson j\u00e1 havia procurado a guarni\u00e7\u00e3o de Pol\u00edcia Militar de Itoror\u00f3 informando que havia sido roubado.<\/p>\n<p><img decoding=\"async\" class=\"aligncenter\" alt=\"\" src=\"http:\/\/www.itororohoje.com\/ckfinder\/userfiles\/images\/7.jpg\" width=\"500\" \/><\/p>\n<p>Em vis\u00edvel estado de choque Edson olhava perplexo para a sua loja, enquanto populares tentavam apagar o fogo que havia se instalado e destru\u00eddo o seu local de trabalho, correndo grande risco de se alastrar para o com\u00e9rcio vizinho, onde funciona um mercadinho.<\/p>\n<p>O desespero foi muito grande e a popula\u00e7\u00e3o, mais uma vez, demonstrou solidariedade, ajudando a apagar o inc\u00eandio que s\u00f3\u00a0foi contido depois de mais de duas horas de muito trabalho. O local ficou totalmente destru\u00eddo e o preju\u00edzo \u00e9 incalcul\u00e1vel. <em>Itoror\u00f3 Hoje<\/em><\/p>\n<p>&nbsp;<\/p>\n<p><img decoding=\"async\" class=\"aligncenter\" alt=\"\" src=\"http:\/\/www.itororohoje.com\/elieneAdm\/imagens\/53c05b3c5b869.jpg\" width=\"500\" \/><\/p>\n","protected":false},"excerpt":{"rendered":"<p>Por volta da meia noite, aconteceu um inc\u00eandio na tape\u00e7aria de Edson, localizada no distrito de Bandeira do Col\u00f4nia. Segundo o blog Itoror\u00f3 Hoje, o fogo atingiu cerca de 5 metros metros de altura. A popula\u00e7\u00e3o, em um ato de solidariedade, ajudou a apagar o inc\u00eandio, j\u00e1 que n\u00e3o h\u00e1 brigada de inc\u00eandio no distrito. [&hellip;]<\/p>\n","protected":false},"author":2,"featured_media":0,"comment_status":"open","ping_status":"open","sticky":false,"template":"","format":"standard","meta":{"footnotes":"","_links_to":"","_links_to_target":""},"categories":[1],"tags":[],"class_list":["post-38894","post","type-post","status-publish","format-standard","hentry","category-geral"],"views":1150,"_links":{"self":[{"href":"https:\/\/www.sudoestehoje.com.br\/novoportal\/wp-json\/wp\/v2\/posts\/38894","targetHints":{"allow":["GET"]}}],"collection":[{"href":"https:\/\/www.sudoestehoje.com.br\/novoportal\/wp-json\/wp\/v2\/posts"}],"about":[{"href":"https:\/\/www.sudoestehoje.com.br\/novoportal\/wp-json\/wp\/v2\/types\/post"}],"author":[{"embeddable":true,"href":"https:\/\/www.sudoestehoje.com.br\/novoportal\/wp-json\/wp\/v2\/users\/2"}],"replies":[{"embeddable":true,"href":"https:\/\/www.sudoestehoje.com.br\/novoportal\/wp-json\/wp\/v2\/comments?post=38894"}],"version-history":[{"count":3,"href":"https:\/\/www.sudoestehoje.com.br\/novoportal\/wp-json\/wp\/v2\/posts\/38894\/revisions"}],"predecessor-version":[{"id":38897,"href":"https:\/\/www.sudoestehoje.com.br\/novoportal\/wp-json\/wp\/v2\/posts\/38894\/revisions\/38897"}],"wp:attachment":[{"href":"https:\/\/www.sudoestehoje.com.br\/novoportal\/wp-json\/wp\/v2\/media?parent=38894"}],"wp:term":[{"taxonomy":"category","embeddable":true,"href":"https:\/\/www.sudoestehoje.com.br\/novoportal\/wp-json\/wp\/v2\/categories?post=38894"},{"taxonomy":"post_tag","embeddable":true,"href":"https:\/\/www.sudoestehoje.com.br\/novoportal\/wp-json\/wp\/v2\/tags?post=38894"}],"curies":[{"name":"wp","href":"https:\/\/api.w.org\/{rel}","templated":true}]}}