
{"id":38833,"date":"2014-07-12T21:44:56","date_gmt":"2014-07-13T00:44:56","guid":{"rendered":"http:\/\/www.sudoestehoje.com.br\/novoportal\/?p=38833"},"modified":"2014-07-12T21:47:38","modified_gmt":"2014-07-13T00:47:38","slug":"crianca-morre-atropelada-por-caminhao-boiadeiro-na-vila-riachao","status":"publish","type":"post","link":"https:\/\/www.sudoestehoje.com.br\/novoportal\/2014\/07\/12\/crianca-morre-atropelada-por-caminhao-boiadeiro-na-vila-riachao\/","title":{"rendered":"CRIAN\u00c7A MORRE ATROPELADA POR CAMINH\u00c3O BOIADEIRO NA VILA RIACH\u00c3O"},"content":{"rendered":"<p><img decoding=\"async\" class=\"aligncenter\" alt=\"\" src=\"https:\/\/scontent-a-atl.xx.fbcdn.net\/hphotos-xfa1\/t1.0-9\/10487352_916422405041147_6400355801915172663_n.jpg\" width=\"450\" \/><\/p>\n<p>ITAPETINGA: Na manh\u00e3 de hoje (12), um menino de 3 anos foi atropelado por um caminh\u00e3o boiadeiro, tendo a cabe\u00e7a esmagada, no bairro Vila Riach\u00e3o, em Itapetinga.<\/p>\n<p>Segundo informa\u00e7\u00f5es, Diogo Alves Menezes, brincava com outras crian\u00e7as entre os pneus do ve\u00edculo, que estava estacionado em frente a uma oficina. Sem saber, o motorista entrou no caminh\u00e3o, engatou a marcha r\u00e9, e acabou atropelando Diogo, que morreu instantaneamente no local.<\/p>\n<p><img decoding=\"async\" class=\"aligncenter\" alt=\"\" src=\"https:\/\/fbcdn-sphotos-b-a.akamaihd.net\/hphotos-ak-xfp1\/t1.0-9\/10513533_916422631707791_1283143520043295050_n.jpg\" width=\"400\" \/><\/p>\n<p>Assustado e com receio de ser linchado pela popula\u00e7\u00e3o do bairro, o motorista identificado como Ademar Eust\u00e1gio Lins, fugiu do local, devendo se apresentar no Complexo Policial a partir de segunda-feira.<\/p>\n<p>O corpo da crian\u00e7a foi para o Instituto M\u00e9dico Legal (IML) de Vit\u00f3ria da Conquista.<\/p>\n<p><strong><em>Da Reda\u00e7\u00e3o<\/em><\/strong><\/p>\n<p>&nbsp;<\/p>\n<p><img decoding=\"async\" class=\"aligncenter\" alt=\"\" src=\"http:\/\/www.blogdodigadiga.com.br\/v1\/wp-content\/uploads\/2014\/06\/10156025_875041325842630_6230789847770000197_n.jpg\" width=\"500\" \/><\/p>\n","protected":false},"excerpt":{"rendered":"<p>ITAPETINGA: Na manh\u00e3 de hoje (12), um menino de 3 anos foi atropelado por um caminh\u00e3o boiadeiro, tendo a cabe\u00e7a esmagada, no bairro Vila Riach\u00e3o, em Itapetinga. Segundo informa\u00e7\u00f5es, Diogo Alves Menezes, brincava com outras crian\u00e7as entre os pneus do ve\u00edculo, que estava estacionado em frente a uma oficina. Sem saber, o motorista entrou no [&hellip;]<\/p>\n","protected":false},"author":2,"featured_media":0,"comment_status":"open","ping_status":"open","sticky":false,"template":"","format":"standard","meta":{"footnotes":"","_links_to":"","_links_to_target":""},"categories":[1],"tags":[],"class_list":["post-38833","post","type-post","status-publish","format-standard","hentry","category-geral"],"views":1005,"_links":{"self":[{"href":"https:\/\/www.sudoestehoje.com.br\/novoportal\/wp-json\/wp\/v2\/posts\/38833","targetHints":{"allow":["GET"]}}],"collection":[{"href":"https:\/\/www.sudoestehoje.com.br\/novoportal\/wp-json\/wp\/v2\/posts"}],"about":[{"href":"https:\/\/www.sudoestehoje.com.br\/novoportal\/wp-json\/wp\/v2\/types\/post"}],"author":[{"embeddable":true,"href":"https:\/\/www.sudoestehoje.com.br\/novoportal\/wp-json\/wp\/v2\/users\/2"}],"replies":[{"embeddable":true,"href":"https:\/\/www.sudoestehoje.com.br\/novoportal\/wp-json\/wp\/v2\/comments?post=38833"}],"version-history":[{"count":4,"href":"https:\/\/www.sudoestehoje.com.br\/novoportal\/wp-json\/wp\/v2\/posts\/38833\/revisions"}],"predecessor-version":[{"id":38837,"href":"https:\/\/www.sudoestehoje.com.br\/novoportal\/wp-json\/wp\/v2\/posts\/38833\/revisions\/38837"}],"wp:attachment":[{"href":"https:\/\/www.sudoestehoje.com.br\/novoportal\/wp-json\/wp\/v2\/media?parent=38833"}],"wp:term":[{"taxonomy":"category","embeddable":true,"href":"https:\/\/www.sudoestehoje.com.br\/novoportal\/wp-json\/wp\/v2\/categories?post=38833"},{"taxonomy":"post_tag","embeddable":true,"href":"https:\/\/www.sudoestehoje.com.br\/novoportal\/wp-json\/wp\/v2\/tags?post=38833"}],"curies":[{"name":"wp","href":"https:\/\/api.w.org\/{rel}","templated":true}]}}