
{"id":38812,"date":"2014-07-11T20:00:43","date_gmt":"2014-07-11T23:00:43","guid":{"rendered":"http:\/\/www.sudoestehoje.com.br\/novoportal\/?p=38812"},"modified":"2014-07-12T00:08:51","modified_gmt":"2014-07-12T03:08:51","slug":"paulo-souto-diz-que-wagner-boicota-para-beneficiar-candidato-do-pt","status":"publish","type":"post","link":"https:\/\/www.sudoestehoje.com.br\/novoportal\/2014\/07\/11\/paulo-souto-diz-que-wagner-boicota-para-beneficiar-candidato-do-pt\/","title":{"rendered":"PAULO SOUTO DIZ QUE WAGNER BOICOTA PARA BENEFICIAR CANDIDATO DO PT"},"content":{"rendered":"<p><a href=\"http:\/\/www.sudoestehoje.com.br\/novoportal\/wp-content\/uploads\/2014\/07\/souto.jpg\"><img loading=\"lazy\" decoding=\"async\" class=\"aligncenter size-medium wp-image-38814\" alt=\"souto\" src=\"http:\/\/www.sudoestehoje.com.br\/novoportal\/wp-content\/uploads\/2014\/07\/souto-500x322.jpg\" width=\"500\" height=\"322\" srcset=\"https:\/\/www.sudoestehoje.com.br\/novoportal\/wp-content\/uploads\/2014\/07\/souto-500x322.jpg 500w, https:\/\/www.sudoestehoje.com.br\/novoportal\/wp-content\/uploads\/2014\/07\/souto-700x451.jpg 700w, https:\/\/www.sudoestehoje.com.br\/novoportal\/wp-content\/uploads\/2014\/07\/souto.jpg 782w\" sizes=\"auto, (max-width: 500px) 100vw, 500px\" \/><\/a><\/p>\n<p>\u201cCom a proximidade das elei\u00e7\u00f5es, o PT de Wagner tenta boicotar abertamente a Prefeitura de Salvador\u201d, afirma o candidato a governador, Paulo Souto, da coliga\u00e7\u00e3o Unidos pela Bahia. Para ele, a iniciativa do governador Jaques Wagner de intervir na licita\u00e7\u00e3o do transporte coletivo da cidade deixa claro isso.<\/p>\n<p>\u201cPor tr\u00e1s dessa tentativa est\u00e1 o prop\u00f3sito de alavancar a candidatura petista ao Pal\u00e1cio de Ondina\u201d, denuncia Souto. Segundo ele, com o objetivo de prejudicar a administra\u00e7\u00e3o municipal por circunst\u00e2ncia pol\u00edtica, o governador n\u00e3o hesita em causar preju\u00edzos \u00e0 popula\u00e7\u00e3o de Salvador.<\/p>\n<p>&nbsp;<\/p>\n<p><img decoding=\"async\" class=\"aligncenter\" alt=\"Feira-do-Lar (1)\" src=\"http:\/\/www.sudoestehoje.com.br\/novoportal\/wp-content\/uploads\/2014\/07\/Feira-do-Lar-1.png\" \/><\/p>\n","protected":false},"excerpt":{"rendered":"<p>\u201cCom a proximidade das elei\u00e7\u00f5es, o PT de Wagner tenta boicotar abertamente a Prefeitura de Salvador\u201d, afirma o candidato a governador, Paulo Souto, da coliga\u00e7\u00e3o Unidos pela Bahia. Para ele, a iniciativa do governador Jaques Wagner de intervir na licita\u00e7\u00e3o do transporte coletivo da cidade deixa claro isso. \u201cPor tr\u00e1s dessa tentativa est\u00e1 o prop\u00f3sito [&hellip;]<\/p>\n","protected":false},"author":2,"featured_media":0,"comment_status":"open","ping_status":"open","sticky":false,"template":"","format":"standard","meta":{"footnotes":"","_links_to":"","_links_to_target":""},"categories":[1],"tags":[],"class_list":["post-38812","post","type-post","status-publish","format-standard","hentry","category-geral"],"views":1009,"_links":{"self":[{"href":"https:\/\/www.sudoestehoje.com.br\/novoportal\/wp-json\/wp\/v2\/posts\/38812","targetHints":{"allow":["GET"]}}],"collection":[{"href":"https:\/\/www.sudoestehoje.com.br\/novoportal\/wp-json\/wp\/v2\/posts"}],"about":[{"href":"https:\/\/www.sudoestehoje.com.br\/novoportal\/wp-json\/wp\/v2\/types\/post"}],"author":[{"embeddable":true,"href":"https:\/\/www.sudoestehoje.com.br\/novoportal\/wp-json\/wp\/v2\/users\/2"}],"replies":[{"embeddable":true,"href":"https:\/\/www.sudoestehoje.com.br\/novoportal\/wp-json\/wp\/v2\/comments?post=38812"}],"version-history":[{"count":3,"href":"https:\/\/www.sudoestehoje.com.br\/novoportal\/wp-json\/wp\/v2\/posts\/38812\/revisions"}],"predecessor-version":[{"id":38823,"href":"https:\/\/www.sudoestehoje.com.br\/novoportal\/wp-json\/wp\/v2\/posts\/38812\/revisions\/38823"}],"wp:attachment":[{"href":"https:\/\/www.sudoestehoje.com.br\/novoportal\/wp-json\/wp\/v2\/media?parent=38812"}],"wp:term":[{"taxonomy":"category","embeddable":true,"href":"https:\/\/www.sudoestehoje.com.br\/novoportal\/wp-json\/wp\/v2\/categories?post=38812"},{"taxonomy":"post_tag","embeddable":true,"href":"https:\/\/www.sudoestehoje.com.br\/novoportal\/wp-json\/wp\/v2\/tags?post=38812"}],"curies":[{"name":"wp","href":"https:\/\/api.w.org\/{rel}","templated":true}]}}