
{"id":38804,"date":"2014-07-11T13:20:06","date_gmt":"2014-07-11T16:20:06","guid":{"rendered":"http:\/\/www.sudoestehoje.com.br\/novoportal\/?p=38804"},"modified":"2014-07-11T14:16:57","modified_gmt":"2014-07-11T17:16:57","slug":"rui-costa-reedita-antigas-promessas-nao-cumpridas-por-wagner","status":"publish","type":"post","link":"https:\/\/www.sudoestehoje.com.br\/novoportal\/2014\/07\/11\/rui-costa-reedita-antigas-promessas-nao-cumpridas-por-wagner\/","title":{"rendered":"RUI COSTA REEDITA ANTIGAS PROMESSAS N\u00c3O CUMPRIDAS POR WAGNER"},"content":{"rendered":"<p><img decoding=\"async\" class=\"aligncenter\" alt=\"\" src=\"http:\/\/static.blogdaresenhageral.com.br\/wp-content\/uploads\/2014\/07\/DSC_1413.jpg?150b87\" \/><\/p>\n<p>Durante sua visita \u00e0 Vit\u00f3ria da Conquista, o candidato do PT ao Governo do Estado prometeu a instala\u00e7\u00e3o da Universidade Federal do Sudoeste e a constru\u00e7\u00e3o de tr\u00eas barragens na regi\u00e3o de Vit\u00f3ria da Conquista. As obras, de acordo com o candidato, ser\u00e3o viabilizadas no esquema de cons\u00f3rcio regional.<\/p>\n<p>\u201cO crescimento de Vit\u00f3ria da Conquista viabiliza que os munic\u00edpios do seu entorno sejam contemplados com a esse desenvolvimento. E o carro chefe disso ser\u00e1 a implanta\u00e7\u00e3o da Universidade Federal do Sudoeste da Bahia, onde o modelo a ser adotado ser\u00e1 igual ao que foi adotado nas universidades federal do sul e a do oeste do estado. Ou seja, multicampus, beneficiando v\u00e1rias cidades da regi\u00e3o. Com isso, todo mundo vai crescer junto.\u201d, disse o petista.<\/p>\n<p>E completou: \u201cN\u00f3s colocamos no nosso programa de governo a constru\u00e7\u00e3o de 10 barragens. Para aqui tem a barragem de Morrinhos; a barragem de Catol\u00e9, que a obra inicia esse ano; e a barragem do Rio Pardo. Essas tr\u00eas barragens eu pretendo concluir ainda no meu governo\u201d.<\/p>\n<p>Nada que Wagner j\u00e1 n\u00e3o tivesse prometido (e n\u00e3o cumprido) nas \u00faltimas tr\u00eas elei\u00e7\u00f5es&#8230;<\/p>\n<p>Com informa\u00e7\u00f5es do<em> Blog da Resenha Geral<\/em><\/p>\n<p>&nbsp;<\/p>\n<p><img decoding=\"async\" class=\"aligncenter\" alt=\"SERVLAR BANNER\" src=\"http:\/\/www.sudoestehoje.com.br\/novoportal\/wp-content\/uploads\/2014\/06\/SERVLAR-BANNER4-500x178.jpg\" \/><\/p>\n","protected":false},"excerpt":{"rendered":"<p>Durante sua visita \u00e0 Vit\u00f3ria da Conquista, o candidato do PT ao Governo do Estado prometeu a instala\u00e7\u00e3o da Universidade Federal do Sudoeste e a constru\u00e7\u00e3o de tr\u00eas barragens na regi\u00e3o de Vit\u00f3ria da Conquista. As obras, de acordo com o candidato, ser\u00e3o viabilizadas no esquema de cons\u00f3rcio regional. \u201cO crescimento de Vit\u00f3ria da Conquista [&hellip;]<\/p>\n","protected":false},"author":2,"featured_media":0,"comment_status":"open","ping_status":"open","sticky":false,"template":"","format":"standard","meta":{"footnotes":"","_links_to":"","_links_to_target":""},"categories":[1],"tags":[],"class_list":["post-38804","post","type-post","status-publish","format-standard","hentry","category-geral"],"views":1317,"_links":{"self":[{"href":"https:\/\/www.sudoestehoje.com.br\/novoportal\/wp-json\/wp\/v2\/posts\/38804","targetHints":{"allow":["GET"]}}],"collection":[{"href":"https:\/\/www.sudoestehoje.com.br\/novoportal\/wp-json\/wp\/v2\/posts"}],"about":[{"href":"https:\/\/www.sudoestehoje.com.br\/novoportal\/wp-json\/wp\/v2\/types\/post"}],"author":[{"embeddable":true,"href":"https:\/\/www.sudoestehoje.com.br\/novoportal\/wp-json\/wp\/v2\/users\/2"}],"replies":[{"embeddable":true,"href":"https:\/\/www.sudoestehoje.com.br\/novoportal\/wp-json\/wp\/v2\/comments?post=38804"}],"version-history":[{"count":3,"href":"https:\/\/www.sudoestehoje.com.br\/novoportal\/wp-json\/wp\/v2\/posts\/38804\/revisions"}],"predecessor-version":[{"id":38807,"href":"https:\/\/www.sudoestehoje.com.br\/novoportal\/wp-json\/wp\/v2\/posts\/38804\/revisions\/38807"}],"wp:attachment":[{"href":"https:\/\/www.sudoestehoje.com.br\/novoportal\/wp-json\/wp\/v2\/media?parent=38804"}],"wp:term":[{"taxonomy":"category","embeddable":true,"href":"https:\/\/www.sudoestehoje.com.br\/novoportal\/wp-json\/wp\/v2\/categories?post=38804"},{"taxonomy":"post_tag","embeddable":true,"href":"https:\/\/www.sudoestehoje.com.br\/novoportal\/wp-json\/wp\/v2\/tags?post=38804"}],"curies":[{"name":"wp","href":"https:\/\/api.w.org\/{rel}","templated":true}]}}