
{"id":38796,"date":"2014-07-11T12:45:46","date_gmt":"2014-07-11T15:45:46","guid":{"rendered":"http:\/\/www.sudoestehoje.com.br\/novoportal\/?p=38796"},"modified":"2014-07-11T14:20:53","modified_gmt":"2014-07-11T17:20:53","slug":"tse-divulga-tempo-de-propaganda-dos-candidatos-a-presidencia","status":"publish","type":"post","link":"https:\/\/www.sudoestehoje.com.br\/novoportal\/2014\/07\/11\/tse-divulga-tempo-de-propaganda-dos-candidatos-a-presidencia\/","title":{"rendered":"TSE DIVULGA TEMPO DE PROPAGANDA DOS CANDIDATOS \u00c0 PRESID\u00caNCIA"},"content":{"rendered":"<p><img decoding=\"async\" class=\"alignleft\" alt=\"\" src=\"http:\/\/www.tre-sc.gov.br\/site\/typo3temp\/pics\/2fca26862d.jpg\" \/><\/p>\n<p>O Tribunal Superior Eleitoral (TSE) anunciou a estimativa de tempo que os 11 candidatos \u00e0 Presid\u00eancia da Rep\u00fablica ter\u00e3o no hor\u00e1rio eleitoral no r\u00e1dio e na televis\u00e3o, a partir do dia 19 de agosto. Os n\u00fameros finais ser\u00e3o apresentados aos partidos em audi\u00eancia p\u00fablica na quarta-feira (16) e ent\u00e3o o plano de divulga\u00e7\u00e3o ser\u00e1 colocado em vota\u00e7\u00e3o no plen\u00e1rio da Corte.<\/p>\n<p>A candidata \u00e0 reelei\u00e7\u00e3o, presidente Dilma Rousseff (PT), da coliga\u00e7\u00e3o &#8220;Com A For\u00e7a do Povo&#8221;, ter\u00e1 dispon\u00edvel 11 minutos e 48 segundos. J\u00e1 o tucano A\u00e9cio Neves, da alian\u00e7a &#8220;Muda Brasil&#8221;, ficar\u00e1 com menos da metade do tempo da petista: quatro minutos e 31 segundos. Eduardo Campos (PSB), da &#8220;Unidos pelo Brasil&#8221;, ter\u00e1 um minuto e 49 segundos.<\/p>\n<p>O restante do tempo dividido entre o PSC, do Pastor Everaldo (um minuto e oito segundos); PV, de \u00a0Eduardo Jorge (um minuto e um segundo); PSOL, da candidata Luciana Genro (51 segundos), e Eymael, do PSDC (47 segundos). Os postulantes Levy Fidelix (PRTB), Z\u00e9 Maria (PSTU), Mauro Iasi (PCB) e Rui Costa Pimenta (PCO) ter\u00e3o 45 segundos para expor suas ideias.<\/p>\n<p>O bloco total de 20 minutos que ser\u00e1 destinado aos postulantes foi dividido de acordo com o n\u00famero de siglas e coliga\u00e7\u00f5es que registraram candidaturas ao cargo e a suas representa\u00e7\u00f5es na C\u00e2mara Federal.<\/p>\n<p>&nbsp;<\/p>\n<p><img decoding=\"async\" class=\"aligncenter\" alt=\"Turmalina1\" src=\"http:\/\/www.sudoestehoje.com.br\/novoportal\/wp-content\/uploads\/2014\/06\/Turmalina12-500x168.jpg\" \/><\/p>\n","protected":false},"excerpt":{"rendered":"<p>O Tribunal Superior Eleitoral (TSE) anunciou a estimativa de tempo que os 11 candidatos \u00e0 Presid\u00eancia da Rep\u00fablica ter\u00e3o no hor\u00e1rio eleitoral no r\u00e1dio e na televis\u00e3o, a partir do dia 19 de agosto. Os n\u00fameros finais ser\u00e3o apresentados aos partidos em audi\u00eancia p\u00fablica na quarta-feira (16) e ent\u00e3o o plano de divulga\u00e7\u00e3o ser\u00e1 colocado [&hellip;]<\/p>\n","protected":false},"author":2,"featured_media":0,"comment_status":"open","ping_status":"open","sticky":false,"template":"","format":"standard","meta":{"footnotes":"","_links_to":"","_links_to_target":""},"categories":[1],"tags":[],"class_list":["post-38796","post","type-post","status-publish","format-standard","hentry","category-geral"],"views":1128,"_links":{"self":[{"href":"https:\/\/www.sudoestehoje.com.br\/novoportal\/wp-json\/wp\/v2\/posts\/38796","targetHints":{"allow":["GET"]}}],"collection":[{"href":"https:\/\/www.sudoestehoje.com.br\/novoportal\/wp-json\/wp\/v2\/posts"}],"about":[{"href":"https:\/\/www.sudoestehoje.com.br\/novoportal\/wp-json\/wp\/v2\/types\/post"}],"author":[{"embeddable":true,"href":"https:\/\/www.sudoestehoje.com.br\/novoportal\/wp-json\/wp\/v2\/users\/2"}],"replies":[{"embeddable":true,"href":"https:\/\/www.sudoestehoje.com.br\/novoportal\/wp-json\/wp\/v2\/comments?post=38796"}],"version-history":[{"count":2,"href":"https:\/\/www.sudoestehoje.com.br\/novoportal\/wp-json\/wp\/v2\/posts\/38796\/revisions"}],"predecessor-version":[{"id":38809,"href":"https:\/\/www.sudoestehoje.com.br\/novoportal\/wp-json\/wp\/v2\/posts\/38796\/revisions\/38809"}],"wp:attachment":[{"href":"https:\/\/www.sudoestehoje.com.br\/novoportal\/wp-json\/wp\/v2\/media?parent=38796"}],"wp:term":[{"taxonomy":"category","embeddable":true,"href":"https:\/\/www.sudoestehoje.com.br\/novoportal\/wp-json\/wp\/v2\/categories?post=38796"},{"taxonomy":"post_tag","embeddable":true,"href":"https:\/\/www.sudoestehoje.com.br\/novoportal\/wp-json\/wp\/v2\/tags?post=38796"}],"curies":[{"name":"wp","href":"https:\/\/api.w.org\/{rel}","templated":true}]}}