
{"id":38794,"date":"2014-07-11T12:36:16","date_gmt":"2014-07-11T15:36:16","guid":{"rendered":"http:\/\/www.sudoestehoje.com.br\/novoportal\/?p=38794"},"modified":"2014-07-11T12:36:16","modified_gmt":"2014-07-11T15:36:16","slug":"assembleia-vai-decidir-sobre-cassacao-do-deputado-capitao-tadeu","status":"publish","type":"post","link":"https:\/\/www.sudoestehoje.com.br\/novoportal\/2014\/07\/11\/assembleia-vai-decidir-sobre-cassacao-do-deputado-capitao-tadeu\/","title":{"rendered":"ASSEMBL\u00c9IA VAI DECIDIR SOBRE CASSA\u00c7\u00c3O DO DEPUTADO CAPIT\u00c3O TADEU"},"content":{"rendered":"<p><img decoding=\"async\" class=\"aligncenter\" alt=\"\" src=\"http:\/\/itabunaurgente.com\/media\/2014\/04\/45465456.jpg\" \/><\/p>\n<p>A\u00a0<a href=\"http:\/\/www.bahianoticias.com.br\/noticia\/156460-tse-cassa-mandato-de-capitao-tadeu-decisao-cabe-recurso.html\" target=\"_blank\"><strong>decis\u00e3o<\/strong><\/a>\u00a0do Tribunal Superior Eleitoral (TSE) que cassou o deputado Capit\u00e3o Tadeu (PSB) chegou ao Tribunal Regional Eleitoral (TRE) nesta quinta-feira (10), de acordo com informa\u00e7\u00f5es da coluna Tempo Presente, do jornal A Tarde. A Corte baiana encaminhar\u00e1 a indica\u00e7\u00e3o \u00e0 Assembleia Legislativa para efetivar a decis\u00e3o.<\/p>\n<p>A ministra do TSE Luciana L\u00f3ssio anulou os votos de Vank Medrado (PSL) em 2010 e, assim, a coliga\u00e7\u00e3o entre e PSL e PSB perde qu\u00f3rum na Casa e Tadeu o mandato. Caso a AL-BA aprove a cassa\u00e7\u00e3o, quem assume a cadeira do socialista \u00e9 Joaci Dourado (PT), ex-prefeito de Irec\u00ea.<\/p>\n","protected":false},"excerpt":{"rendered":"<p>A\u00a0decis\u00e3o\u00a0do Tribunal Superior Eleitoral (TSE) que cassou o deputado Capit\u00e3o Tadeu (PSB) chegou ao Tribunal Regional Eleitoral (TRE) nesta quinta-feira (10), de acordo com informa\u00e7\u00f5es da coluna Tempo Presente, do jornal A Tarde. A Corte baiana encaminhar\u00e1 a indica\u00e7\u00e3o \u00e0 Assembleia Legislativa para efetivar a decis\u00e3o. A ministra do TSE Luciana L\u00f3ssio anulou os votos [&hellip;]<\/p>\n","protected":false},"author":2,"featured_media":0,"comment_status":"open","ping_status":"open","sticky":false,"template":"","format":"standard","meta":{"footnotes":"","_links_to":"","_links_to_target":""},"categories":[1],"tags":[],"class_list":["post-38794","post","type-post","status-publish","format-standard","hentry","category-geral"],"views":1176,"_links":{"self":[{"href":"https:\/\/www.sudoestehoje.com.br\/novoportal\/wp-json\/wp\/v2\/posts\/38794","targetHints":{"allow":["GET"]}}],"collection":[{"href":"https:\/\/www.sudoestehoje.com.br\/novoportal\/wp-json\/wp\/v2\/posts"}],"about":[{"href":"https:\/\/www.sudoestehoje.com.br\/novoportal\/wp-json\/wp\/v2\/types\/post"}],"author":[{"embeddable":true,"href":"https:\/\/www.sudoestehoje.com.br\/novoportal\/wp-json\/wp\/v2\/users\/2"}],"replies":[{"embeddable":true,"href":"https:\/\/www.sudoestehoje.com.br\/novoportal\/wp-json\/wp\/v2\/comments?post=38794"}],"version-history":[{"count":1,"href":"https:\/\/www.sudoestehoje.com.br\/novoportal\/wp-json\/wp\/v2\/posts\/38794\/revisions"}],"predecessor-version":[{"id":38795,"href":"https:\/\/www.sudoestehoje.com.br\/novoportal\/wp-json\/wp\/v2\/posts\/38794\/revisions\/38795"}],"wp:attachment":[{"href":"https:\/\/www.sudoestehoje.com.br\/novoportal\/wp-json\/wp\/v2\/media?parent=38794"}],"wp:term":[{"taxonomy":"category","embeddable":true,"href":"https:\/\/www.sudoestehoje.com.br\/novoportal\/wp-json\/wp\/v2\/categories?post=38794"},{"taxonomy":"post_tag","embeddable":true,"href":"https:\/\/www.sudoestehoje.com.br\/novoportal\/wp-json\/wp\/v2\/tags?post=38794"}],"curies":[{"name":"wp","href":"https:\/\/api.w.org\/{rel}","templated":true}]}}