
{"id":38783,"date":"2014-07-10T22:01:27","date_gmt":"2014-07-11T01:01:27","guid":{"rendered":"http:\/\/www.sudoestehoje.com.br\/novoportal\/?p=38783"},"modified":"2014-07-12T08:45:03","modified_gmt":"2014-07-12T11:45:03","slug":"exclusivo-prefeitura-atrasa-pagamentos-e-coleta-de-lixo-e-suspensa","status":"publish","type":"post","link":"https:\/\/www.sudoestehoje.com.br\/novoportal\/2014\/07\/10\/exclusivo-prefeitura-atrasa-pagamentos-e-coleta-de-lixo-e-suspensa\/","title":{"rendered":"EXCLUSIVO: PREFEITURA ATRASA PAGAMENTOS E COLETA DE LIXO \u00c9 SUSPENSA"},"content":{"rendered":"<p><img decoding=\"async\" class=\"aligncenter\" alt=\"\" src=\"http:\/\/tribunadeitapetinga.com.br\/media\/2014\/01\/113_8893-500x281.jpg\" \/><\/p>\n<p>No in\u00edcio da noite desta quinta-feira, a coleta de lixo em Itapetinga foi suspensa pelos funcion\u00e1rios da Vita Ambiental, empresa contratada pela prefeitura, desde o in\u00edcio de 2012, para realizar o servi\u00e7o de coleta no munic\u00edpio.\u00a0Desde que assumiu a coleta do lixo na cidade, a Vita Ambiental vem executando um bom servi\u00e7o, mas sofre frequentemente com atrasos nos pagamentos, que hoje j\u00e1 chegam a tr\u00eas meses.<\/p>\n<p>Segundo pudemos apurar, a empresa vem bancando com recursos pr\u00f3prios, desde abril deste ano, os sal\u00e1rios e as obriga\u00e7\u00f5es sociais dos seus empregados, mas ainda n\u00e3o conseguiu efetuar o pagamento relativo ao m\u00eas de junho, o que gerou a paralisa\u00e7\u00e3o dos coletores e motoristas dos caminh\u00f5es compactadores.<\/p>\n<p>Com a prefeitura atolado em d\u00edvidas e pressionada por credores, o ineficiente secret\u00e1rio de fazenda Ricardo Dutra vem prometendo quitar as parcelas devidas \u00e0 Vita Ambiental, m\u00eas ap\u00f3s m\u00eas, sem nenhuma resolu\u00e7\u00e3o, o que gerou a descapitaliza\u00e7\u00e3o da empresa e o consequente atraso na folha de pagamento dos seus empregados.<\/p>\n<p>S\u00f3 faltava essa, para o caos se instalar de vez no munic\u00edpio&#8230;<\/p>\n<p><strong><em>Por Davi Ferraz\u00a0<\/em><\/strong><\/p>\n<p>&nbsp;<\/p>\n<p><a href=\"http:\/\/www.sudoestehoje.com.br\/novoportal\/wp-content\/uploads\/2014\/07\/Feira-do-Lar-1.png\"><img loading=\"lazy\" decoding=\"async\" class=\"aligncenter size-full wp-image-38791\" alt=\"Feira-do-Lar (1)\" src=\"http:\/\/www.sudoestehoje.com.br\/novoportal\/wp-content\/uploads\/2014\/07\/Feira-do-Lar-1.png\" width=\"500\" height=\"206\" \/><\/a><\/p>\n","protected":false},"excerpt":{"rendered":"<p>No in\u00edcio da noite desta quinta-feira, a coleta de lixo em Itapetinga foi suspensa pelos funcion\u00e1rios da Vita Ambiental, empresa contratada pela prefeitura, desde o in\u00edcio de 2012, para realizar o servi\u00e7o de coleta no munic\u00edpio.\u00a0Desde que assumiu a coleta do lixo na cidade, a Vita Ambiental vem executando um bom servi\u00e7o, mas sofre frequentemente [&hellip;]<\/p>\n","protected":false},"author":2,"featured_media":0,"comment_status":"open","ping_status":"open","sticky":false,"template":"","format":"standard","meta":{"footnotes":"","_links_to":"","_links_to_target":""},"categories":[1],"tags":[],"class_list":["post-38783","post","type-post","status-publish","format-standard","hentry","category-geral"],"views":1089,"_links":{"self":[{"href":"https:\/\/www.sudoestehoje.com.br\/novoportal\/wp-json\/wp\/v2\/posts\/38783","targetHints":{"allow":["GET"]}}],"collection":[{"href":"https:\/\/www.sudoestehoje.com.br\/novoportal\/wp-json\/wp\/v2\/posts"}],"about":[{"href":"https:\/\/www.sudoestehoje.com.br\/novoportal\/wp-json\/wp\/v2\/types\/post"}],"author":[{"embeddable":true,"href":"https:\/\/www.sudoestehoje.com.br\/novoportal\/wp-json\/wp\/v2\/users\/2"}],"replies":[{"embeddable":true,"href":"https:\/\/www.sudoestehoje.com.br\/novoportal\/wp-json\/wp\/v2\/comments?post=38783"}],"version-history":[{"count":7,"href":"https:\/\/www.sudoestehoje.com.br\/novoportal\/wp-json\/wp\/v2\/posts\/38783\/revisions"}],"predecessor-version":[{"id":38825,"href":"https:\/\/www.sudoestehoje.com.br\/novoportal\/wp-json\/wp\/v2\/posts\/38783\/revisions\/38825"}],"wp:attachment":[{"href":"https:\/\/www.sudoestehoje.com.br\/novoportal\/wp-json\/wp\/v2\/media?parent=38783"}],"wp:term":[{"taxonomy":"category","embeddable":true,"href":"https:\/\/www.sudoestehoje.com.br\/novoportal\/wp-json\/wp\/v2\/categories?post=38783"},{"taxonomy":"post_tag","embeddable":true,"href":"https:\/\/www.sudoestehoje.com.br\/novoportal\/wp-json\/wp\/v2\/tags?post=38783"}],"curies":[{"name":"wp","href":"https:\/\/api.w.org\/{rel}","templated":true}]}}