
{"id":38781,"date":"2014-07-10T20:53:01","date_gmt":"2014-07-10T23:53:01","guid":{"rendered":"http:\/\/www.sudoestehoje.com.br\/novoportal\/?p=38781"},"modified":"2014-07-10T22:15:19","modified_gmt":"2014-07-11T01:15:19","slug":"dilma-vai-pagar-o-preco-da-eliminacao-do-brasil-diz-aecio","status":"publish","type":"post","link":"https:\/\/www.sudoestehoje.com.br\/novoportal\/2014\/07\/10\/dilma-vai-pagar-o-preco-da-eliminacao-do-brasil-diz-aecio\/","title":{"rendered":"&#8220;DILMA VAI PAGAR O PRE\u00c7O DA ELIMINA\u00c7\u00c3O DO BRASIL&#8221;, DIZ A\u00c9CIO"},"content":{"rendered":"<p><img decoding=\"async\" class=\"aligncenter\" alt=\"\" src=\"http:\/\/vocedeolhoemtudo.com.br\/wp-content\/gallery\/dilma-e-vaiada-na-abertura-da-copa-das-confederacoes\/dilma-e-vaiada-na-abertura-da-copa-das-confederacoes-15.jpg\" width=\"500\" \/><\/p>\n<p>O candidato do PSDB \u00e0 Presid\u00eancia, A\u00e9cio Neves, disse nesta quinta-feira (10) que Dilma Rousseff pagar\u00e1 o pre\u00e7o da elimina\u00e7\u00e3o do Brasil ap\u00f3s tentar se apropriar politicamente da Copa do Mundo. &#8220;Quando vieram as manifesta\u00e7\u00f5es, ela n\u00e3o tinha nada a ver com Copa do Mundo. Quando a Copa d\u00e1 certo, parecia at\u00e9 que era ela a artilheira da sele\u00e7\u00e3o. Acho que quem vai pagar o pre\u00e7o [da elimina\u00e7\u00e3o do Brasil] s\u00e3o aqueles que tentaram se apropriar de um evento que \u00e9 de todos os brasileiros&#8221;, disse o senador.<\/p>\n<p>&nbsp;<\/p>\n<p><img decoding=\"async\" class=\"aligncenter\" alt=\"Turmalina1\" src=\"http:\/\/www.sudoestehoje.com.br\/novoportal\/wp-content\/uploads\/2014\/06\/Turmalina12-500x168.jpg\" \/><\/p>\n","protected":false},"excerpt":{"rendered":"<p>O candidato do PSDB \u00e0 Presid\u00eancia, A\u00e9cio Neves, disse nesta quinta-feira (10) que Dilma Rousseff pagar\u00e1 o pre\u00e7o da elimina\u00e7\u00e3o do Brasil ap\u00f3s tentar se apropriar politicamente da Copa do Mundo. &#8220;Quando vieram as manifesta\u00e7\u00f5es, ela n\u00e3o tinha nada a ver com Copa do Mundo. Quando a Copa d\u00e1 certo, parecia at\u00e9 que era ela [&hellip;]<\/p>\n","protected":false},"author":2,"featured_media":0,"comment_status":"open","ping_status":"open","sticky":false,"template":"","format":"standard","meta":{"footnotes":"","_links_to":"","_links_to_target":""},"categories":[1],"tags":[],"class_list":["post-38781","post","type-post","status-publish","format-standard","hentry","category-geral"],"views":1221,"_links":{"self":[{"href":"https:\/\/www.sudoestehoje.com.br\/novoportal\/wp-json\/wp\/v2\/posts\/38781","targetHints":{"allow":["GET"]}}],"collection":[{"href":"https:\/\/www.sudoestehoje.com.br\/novoportal\/wp-json\/wp\/v2\/posts"}],"about":[{"href":"https:\/\/www.sudoestehoje.com.br\/novoportal\/wp-json\/wp\/v2\/types\/post"}],"author":[{"embeddable":true,"href":"https:\/\/www.sudoestehoje.com.br\/novoportal\/wp-json\/wp\/v2\/users\/2"}],"replies":[{"embeddable":true,"href":"https:\/\/www.sudoestehoje.com.br\/novoportal\/wp-json\/wp\/v2\/comments?post=38781"}],"version-history":[{"count":2,"href":"https:\/\/www.sudoestehoje.com.br\/novoportal\/wp-json\/wp\/v2\/posts\/38781\/revisions"}],"predecessor-version":[{"id":38788,"href":"https:\/\/www.sudoestehoje.com.br\/novoportal\/wp-json\/wp\/v2\/posts\/38781\/revisions\/38788"}],"wp:attachment":[{"href":"https:\/\/www.sudoestehoje.com.br\/novoportal\/wp-json\/wp\/v2\/media?parent=38781"}],"wp:term":[{"taxonomy":"category","embeddable":true,"href":"https:\/\/www.sudoestehoje.com.br\/novoportal\/wp-json\/wp\/v2\/categories?post=38781"},{"taxonomy":"post_tag","embeddable":true,"href":"https:\/\/www.sudoestehoje.com.br\/novoportal\/wp-json\/wp\/v2\/tags?post=38781"}],"curies":[{"name":"wp","href":"https:\/\/api.w.org\/{rel}","templated":true}]}}