
{"id":38755,"date":"2014-07-08T15:46:22","date_gmt":"2014-07-08T18:46:22","guid":{"rendered":"http:\/\/www.sudoestehoje.com.br\/novoportal\/?p=38755"},"modified":"2014-07-08T15:50:41","modified_gmt":"2014-07-08T18:50:41","slug":"o-pt-mudou-de-lado-diz-candidata-do-pstu-renata-mallet","status":"publish","type":"post","link":"https:\/\/www.sudoestehoje.com.br\/novoportal\/2014\/07\/08\/o-pt-mudou-de-lado-diz-candidata-do-pstu-renata-mallet\/","title":{"rendered":"&#8220;O PT MUDOU DE LADO&#8221;, DIZ CANDIDATA DO PSTU RENATA MALLET"},"content":{"rendered":"<p><img decoding=\"async\" class=\"aligncenter\" alt=\"\" src=\"http:\/\/www.politicalivre.com.br\/wp-content\/thumbgen_cache\/3f21276e6bd2fecca0807ccd452e8ec5.jpg\" width=\"450\" \/><\/p>\n<p>A banc\u00e1ria Renata Mallet, candidata do PSTU ao governo da Bahia, afirmou que pretende \u201cgovernar para um lado da Bahia: o lado da maioria\u201d. Em entrevista \u00e0 r\u00e1dio Tudo FM, na manh\u00e3 desta ter\u00e7a-feira, Mallet comentou a possibilidade de sair junto com o PSOL, mas o partido se adiantou e fechou a chapa antes de concretizar o objetivo.<\/p>\n<p>\u201cA gente tinha uma disposi\u00e7\u00e3o para fazer uma frente na Bahia, com o PSOL, para construir o programa. Infelizmente o PSOL n\u00e3o teve essa flexibilidade, j\u00e1 veio com a chapa pronta. A\u00ed n\u00e3o teve como realizar a parceria\u201d. Sobre a bandeira que o partido vai defender nos pr\u00f3ximos meses, que antecedem o pleito, a banc\u00e1ria foi incisiva e criticou as \u00faltimas gest\u00f5es no estado.<\/p>\n<p>\u201cA nossa campanha vai ser apoiada nos trabalhadores que sofreram muito com o governo Jaques Wagner e Paulo Souto. Trabalhador e juventude \u00e9 a grande maioria do nosso estado, ent\u00e3o n\u00f3s vamos contar com isso. A principal alian\u00e7a que a gente tem de fazer \u00e9 com a popula\u00e7\u00e3o baiana. O PT mudou de lado. A popula\u00e7\u00e3o esperava do PT, que deixou de atender as demandas do povo\u201d, concluiu.<\/p>\n<p>&nbsp;<\/p>\n<p><img decoding=\"async\" class=\"aligncenter\" alt=\"Turmalina1\" src=\"http:\/\/www.sudoestehoje.com.br\/novoportal\/wp-content\/uploads\/2014\/06\/Turmalina12-500x168.jpg\" \/><\/p>\n","protected":false},"excerpt":{"rendered":"<p>A banc\u00e1ria Renata Mallet, candidata do PSTU ao governo da Bahia, afirmou que pretende \u201cgovernar para um lado da Bahia: o lado da maioria\u201d. Em entrevista \u00e0 r\u00e1dio Tudo FM, na manh\u00e3 desta ter\u00e7a-feira, Mallet comentou a possibilidade de sair junto com o PSOL, mas o partido se adiantou e fechou a chapa antes de [&hellip;]<\/p>\n","protected":false},"author":2,"featured_media":0,"comment_status":"open","ping_status":"open","sticky":false,"template":"","format":"standard","meta":{"footnotes":"","_links_to":"","_links_to_target":""},"categories":[1],"tags":[],"class_list":["post-38755","post","type-post","status-publish","format-standard","hentry","category-geral"],"views":2749,"_links":{"self":[{"href":"https:\/\/www.sudoestehoje.com.br\/novoportal\/wp-json\/wp\/v2\/posts\/38755","targetHints":{"allow":["GET"]}}],"collection":[{"href":"https:\/\/www.sudoestehoje.com.br\/novoportal\/wp-json\/wp\/v2\/posts"}],"about":[{"href":"https:\/\/www.sudoestehoje.com.br\/novoportal\/wp-json\/wp\/v2\/types\/post"}],"author":[{"embeddable":true,"href":"https:\/\/www.sudoestehoje.com.br\/novoportal\/wp-json\/wp\/v2\/users\/2"}],"replies":[{"embeddable":true,"href":"https:\/\/www.sudoestehoje.com.br\/novoportal\/wp-json\/wp\/v2\/comments?post=38755"}],"version-history":[{"count":6,"href":"https:\/\/www.sudoestehoje.com.br\/novoportal\/wp-json\/wp\/v2\/posts\/38755\/revisions"}],"predecessor-version":[{"id":38761,"href":"https:\/\/www.sudoestehoje.com.br\/novoportal\/wp-json\/wp\/v2\/posts\/38755\/revisions\/38761"}],"wp:attachment":[{"href":"https:\/\/www.sudoestehoje.com.br\/novoportal\/wp-json\/wp\/v2\/media?parent=38755"}],"wp:term":[{"taxonomy":"category","embeddable":true,"href":"https:\/\/www.sudoestehoje.com.br\/novoportal\/wp-json\/wp\/v2\/categories?post=38755"},{"taxonomy":"post_tag","embeddable":true,"href":"https:\/\/www.sudoestehoje.com.br\/novoportal\/wp-json\/wp\/v2\/tags?post=38755"}],"curies":[{"name":"wp","href":"https:\/\/api.w.org\/{rel}","templated":true}]}}