
{"id":38753,"date":"2014-07-08T15:37:54","date_gmt":"2014-07-08T18:37:54","guid":{"rendered":"http:\/\/www.sudoestehoje.com.br\/novoportal\/?p=38753"},"modified":"2014-07-08T15:52:08","modified_gmt":"2014-07-08T18:52:08","slug":"lideranca-e-prefeito-do-pr-declaram-apoio-a-paulo-souto-e-geddel","status":"publish","type":"post","link":"https:\/\/www.sudoestehoje.com.br\/novoportal\/2014\/07\/08\/lideranca-e-prefeito-do-pr-declaram-apoio-a-paulo-souto-e-geddel\/","title":{"rendered":"LIDERAN\u00c7A E PREFEITO DO PR DECLARAM APOIO A PAULO SOUTO E GEDDEL"},"content":{"rendered":"<p style=\"text-align: center;\"><img decoding=\"async\" class=\"aligncenter\" alt=\"\" src=\"http:\/\/www.politicalivre.com.br\/wp-content\/thumbgen_cache\/32078821421e037515778a3f1d0009ae.jpg\" width=\"450\" \/><\/p>\n<p>A ades\u00e3o de lideran\u00e7as e prefeitos de partidos governistas \u00e0s candidaturas de Paulo Souto, a governador, e Geddel Vieira Lima, a senador, segue acontecendo. A chapa majorit\u00e1ria da oposi\u00e7\u00e3o ganhou o apoio do ex-prefeito Z\u00e9 Filho (PR), de Remanso, e do prefeito Tarc\u00edsio Pedreira (PR), de Queimadas.<\/p>\n<p>Lideran\u00e7a forte da regi\u00e3o do Lago de Sobradinho, o ex-prefeito do PR, Z\u00e9 Filho, afirmou escolheu ficar ao lado de Paulo Souto pela comprovada \u201ccompet\u00eancia administrativa e hist\u00f3rico de homem de palavra\u201d do candidato da oposi\u00e7\u00e3o a governador. \u201cEstou com Paulo Souto e Geddel, que v\u00e3o defender a Bahia de verdade\u201d, disse.<\/p>\n<p>J\u00e1 o prefeito de Queimadas, Tarc\u00edsio Pedreira, tamb\u00e9m do PR, justificou: \u201cTenho certeza da vit\u00f3ria da oposi\u00e7\u00e3o e, por isso, fiz quest\u00e3o de ser o primeiro prefeito da regi\u00e3o do sisal a declarar apoio \u00e0 chapa de Paulo Souto e Geddel. Tive coragem, mesmo com meu partido, o PR, fazendo parte da base do governo do estado\u201d.<\/p>\n<p>Grato com os apoios, Paulo Souto prometeu, no caso de eleito, trabalhar pelas regi\u00f5es, assim como por toda a Bahia. Geddel tamb\u00e9m agradeceu o compromisso das lideran\u00e7as pol\u00edticas em lutar pela vit\u00f3ria da oposi\u00e7\u00e3o, apesar da press\u00e3o governista.<\/p>\n<p>&nbsp;<\/p>\n<p><img decoding=\"async\" class=\"aligncenter\" alt=\"SERVLAR BANNER\" src=\"http:\/\/www.sudoestehoje.com.br\/novoportal\/wp-content\/uploads\/2014\/06\/SERVLAR-BANNER4-500x178.jpg\" \/><\/p>\n","protected":false},"excerpt":{"rendered":"<p>A ades\u00e3o de lideran\u00e7as e prefeitos de partidos governistas \u00e0s candidaturas de Paulo Souto, a governador, e Geddel Vieira Lima, a senador, segue acontecendo. A chapa majorit\u00e1ria da oposi\u00e7\u00e3o ganhou o apoio do ex-prefeito Z\u00e9 Filho (PR), de Remanso, e do prefeito Tarc\u00edsio Pedreira (PR), de Queimadas. Lideran\u00e7a forte da regi\u00e3o do Lago de Sobradinho, [&hellip;]<\/p>\n","protected":false},"author":2,"featured_media":0,"comment_status":"open","ping_status":"open","sticky":false,"template":"","format":"standard","meta":{"footnotes":"","_links_to":"","_links_to_target":""},"categories":[1],"tags":[],"class_list":["post-38753","post","type-post","status-publish","format-standard","hentry","category-geral"],"views":1444,"_links":{"self":[{"href":"https:\/\/www.sudoestehoje.com.br\/novoportal\/wp-json\/wp\/v2\/posts\/38753","targetHints":{"allow":["GET"]}}],"collection":[{"href":"https:\/\/www.sudoestehoje.com.br\/novoportal\/wp-json\/wp\/v2\/posts"}],"about":[{"href":"https:\/\/www.sudoestehoje.com.br\/novoportal\/wp-json\/wp\/v2\/types\/post"}],"author":[{"embeddable":true,"href":"https:\/\/www.sudoestehoje.com.br\/novoportal\/wp-json\/wp\/v2\/users\/2"}],"replies":[{"embeddable":true,"href":"https:\/\/www.sudoestehoje.com.br\/novoportal\/wp-json\/wp\/v2\/comments?post=38753"}],"version-history":[{"count":2,"href":"https:\/\/www.sudoestehoje.com.br\/novoportal\/wp-json\/wp\/v2\/posts\/38753\/revisions"}],"predecessor-version":[{"id":38762,"href":"https:\/\/www.sudoestehoje.com.br\/novoportal\/wp-json\/wp\/v2\/posts\/38753\/revisions\/38762"}],"wp:attachment":[{"href":"https:\/\/www.sudoestehoje.com.br\/novoportal\/wp-json\/wp\/v2\/media?parent=38753"}],"wp:term":[{"taxonomy":"category","embeddable":true,"href":"https:\/\/www.sudoestehoje.com.br\/novoportal\/wp-json\/wp\/v2\/categories?post=38753"},{"taxonomy":"post_tag","embeddable":true,"href":"https:\/\/www.sudoestehoje.com.br\/novoportal\/wp-json\/wp\/v2\/tags?post=38753"}],"curies":[{"name":"wp","href":"https:\/\/api.w.org\/{rel}","templated":true}]}}