
{"id":38751,"date":"2014-07-08T13:47:37","date_gmt":"2014-07-08T16:47:37","guid":{"rendered":"http:\/\/www.sudoestehoje.com.br\/novoportal\/?p=38751"},"modified":"2014-07-08T15:53:22","modified_gmt":"2014-07-08T18:53:22","slug":"rui-costa-lidera-previsao-de-gastos","status":"publish","type":"post","link":"https:\/\/www.sudoestehoje.com.br\/novoportal\/2014\/07\/08\/rui-costa-lidera-previsao-de-gastos\/","title":{"rendered":"RUI COSTA LIDERA PREVIS\u00c3O DE GASTOS"},"content":{"rendered":"<p style=\"text-align: center;\"><img decoding=\"async\" class=\"aligncenter\" alt=\"\" src=\"http:\/\/www.bahianoticias.com.br\/fotos\/principal_noticias\/105356\/IMAGEM_NOTICIA_5.jpg\" width=\"450\" \/><\/p>\n<p>A campanha do candidato a governador de S\u00e3o Paulo Paulo Skaf (PMDB) teve a maior estimativa de custo, segundo levantamento da Folha que considera as 85 candidaturas estaduais mais competitivas do pa\u00eds.<\/p>\n<p>O petista Rui Costa, que concorre \u00e0 sucess\u00e3o de Jaques Wagner (PT) na Bahia, figurou em s\u00e9timo lugar no ranking nacional de teto de gastos, com R$ 65 milh\u00f5es. Na lista estadual, com dados do Tribunal Regional Eleitoral da Bahia (TRE), liderada pelo petista, o concorrente Paulo Souto (DEM) fica na segunda posi\u00e7\u00e3o, com previs\u00e3o de investimento de R$ 38 milh\u00f5es.<\/p>\n<p>Em seguida, aparecem L\u00eddice da Mata (PSB), com R$ 20 milh\u00f5es, Marcos Mendes (PSOL), R$ 1,2 milh\u00e3o, e Renata Mallet (PSTU), R$ 200 mil.<\/p>\n<p>Todas as 85 candidaturas apuradas pela Folha no Brasil somam R$ 2,1 bilh\u00f5es. Al\u00e9m de Skaf \u2014 que deve pagar at\u00e9 R$ 95 milh\u00f5es na corrida eleitoral \u2014 seus advers\u00e1rios ao governo paulista, Alexandre Padilha (PT) e Geraldo Ackmin (PSDB), aparecem com a segunda e a terceira maior estimativa, R$ 92 e R$ 90 milh\u00f5es.<\/p>\n<p>O limite de despesas precisa ser informado aos tribunais regionais eleitorais para registro da candidatura e, se ultrapassado, pode haver puni\u00e7\u00e3o.<\/p>\n<p>&nbsp;<\/p>\n<p><img decoding=\"async\" class=\"aligncenter\" alt=\"\u00d3TICA-ITAPUAN-BANNER1\" src=\"http:\/\/www.sudoestehoje.com.br\/novoportal\/wp-content\/uploads\/2014\/06\/%C3%93TICA-ITAPUAN-BANNER14.jpg\" \/><\/p>\n","protected":false},"excerpt":{"rendered":"<p>A campanha do candidato a governador de S\u00e3o Paulo Paulo Skaf (PMDB) teve a maior estimativa de custo, segundo levantamento da Folha que considera as 85 candidaturas estaduais mais competitivas do pa\u00eds. O petista Rui Costa, que concorre \u00e0 sucess\u00e3o de Jaques Wagner (PT) na Bahia, figurou em s\u00e9timo lugar no ranking nacional de teto [&hellip;]<\/p>\n","protected":false},"author":2,"featured_media":0,"comment_status":"open","ping_status":"open","sticky":false,"template":"","format":"standard","meta":{"footnotes":"","_links_to":"","_links_to_target":""},"categories":[1],"tags":[],"class_list":["post-38751","post","type-post","status-publish","format-standard","hentry","category-geral"],"views":1101,"_links":{"self":[{"href":"https:\/\/www.sudoestehoje.com.br\/novoportal\/wp-json\/wp\/v2\/posts\/38751","targetHints":{"allow":["GET"]}}],"collection":[{"href":"https:\/\/www.sudoestehoje.com.br\/novoportal\/wp-json\/wp\/v2\/posts"}],"about":[{"href":"https:\/\/www.sudoestehoje.com.br\/novoportal\/wp-json\/wp\/v2\/types\/post"}],"author":[{"embeddable":true,"href":"https:\/\/www.sudoestehoje.com.br\/novoportal\/wp-json\/wp\/v2\/users\/2"}],"replies":[{"embeddable":true,"href":"https:\/\/www.sudoestehoje.com.br\/novoportal\/wp-json\/wp\/v2\/comments?post=38751"}],"version-history":[{"count":2,"href":"https:\/\/www.sudoestehoje.com.br\/novoportal\/wp-json\/wp\/v2\/posts\/38751\/revisions"}],"predecessor-version":[{"id":38763,"href":"https:\/\/www.sudoestehoje.com.br\/novoportal\/wp-json\/wp\/v2\/posts\/38751\/revisions\/38763"}],"wp:attachment":[{"href":"https:\/\/www.sudoestehoje.com.br\/novoportal\/wp-json\/wp\/v2\/media?parent=38751"}],"wp:term":[{"taxonomy":"category","embeddable":true,"href":"https:\/\/www.sudoestehoje.com.br\/novoportal\/wp-json\/wp\/v2\/categories?post=38751"},{"taxonomy":"post_tag","embeddable":true,"href":"https:\/\/www.sudoestehoje.com.br\/novoportal\/wp-json\/wp\/v2\/tags?post=38751"}],"curies":[{"name":"wp","href":"https:\/\/api.w.org\/{rel}","templated":true}]}}