
{"id":38729,"date":"2014-07-06T20:36:24","date_gmt":"2014-07-06T23:36:24","guid":{"rendered":"http:\/\/www.sudoestehoje.com.br\/novoportal\/?p=38729"},"modified":"2014-07-06T20:36:24","modified_gmt":"2014-07-06T23:36:24","slug":"herzem-gusmao-quebra-silencio-sobre-processo-que-o-torna-inelegivel","status":"publish","type":"post","link":"https:\/\/www.sudoestehoje.com.br\/novoportal\/2014\/07\/06\/herzem-gusmao-quebra-silencio-sobre-processo-que-o-torna-inelegivel\/","title":{"rendered":"HERZEM GUSM\u00c3O QUEBRA SIL\u00caNCIO SOBRE PROCESSO QUE O TORNA INELEG\u00cdVEL"},"content":{"rendered":"<p><img decoding=\"async\" class=\"aligncenter\" alt=\"\u201cEu desafio os maiores juristas do Brasil, as pessoas de bom senso \u2013 eu quero at\u00e9 fazer um apelo \u00e0 OAB, porque esse meu julgamento exp\u00f5e o tribunal e merece um estudo. Foto Blog do Anderson\" src=\"http:\/\/blogdofabiosena.com.br\/v2\/wp-content\/uploads\/herzemgusm%C3%A3o.jpg\" width=\"450\" \/><\/p>\n<p>O candidato a deputado estadual pelo PMDB, Herzem Gusm\u00e3o, quebrou o sil\u00eancio sobre o julgamento da Justi\u00e7a Eleitoral baiana que cassou seus direitos pol\u00edticos por oito anos \u2013 ele havia emitido apenas uma nota de esclarecimento at\u00e9 ent\u00e3o \u2013 e abriu o verbo contra o Tribunal Regional Eleitoral\/TRE e o Minist\u00e9rio P\u00fablico Eleitoral\/MPE que, na vis\u00e3o do pol\u00edtico, praticaram um ato de viol\u00eancia.<\/p>\n<p>\u201cEu desafio os maiores juristas do Brasil, as pessoas de bom senso \u2013 eu quero at\u00e9 fazer um apelo \u00e0 OAB, porque esse meu julgamento exp\u00f5e o tribunal e merece um estudo. Merece os estudantes do curso de Direito estudarem esse momento, como tamb\u00e9m os profissionais colegas que est\u00e3o estudando jornalismo\u201d, afirmou em entrevista ao Blog do Anderson.<!--more--><\/p>\n<p>Ele informou, ainda, que j\u00e1 contratou os servi\u00e7os do advogado Ademir Ismerim, especialista em Direito Eleitoral. Segundo o radialista, Ademir Ismerin est\u00e1 confiante de que vai conseguir a nulidade do processo que, ainda segundo ele, foi talvez o mais r\u00e1pido da hist\u00f3ria do Brasil.<\/p>\n<p>\u201cEm 23 dias o tribunal julgou e me condenou, mas estamos confiantes em Deus numa solu\u00e7\u00e3o para essa injusti\u00e7a contra nossa candidatura. O PT de Conquista quer ganhar por WO, atropelando o bom senso\u201d, afirmou, lembrando, ainda, que sua inscri\u00e7\u00e3o como candidato j\u00e1 foi feita junto ao TRE\u201d.<\/p>\n<p>\u201cEu represento uma amea\u00e7a ao Partido dos Trabalhadores. O PT n\u00e3o quer perder, afinal de contas Vit\u00f3ria da Conquista \u00e9 a maior cidade governada pelo PT, e a\u00ed eu n\u00e3o entendo porque o MPE deu provimento e o tribunal acatou\u201d, disse, argumentando, ainda, que \u201co que o MPE entendeu como crime eleitoral \u00e9 uma brincadeira\u2026 Eu acho at\u00e9 que se eles estivessem encontrado em 2011 s\u00f3 receita de bolo e culin\u00e1ria eles haveriam de me condenar; haveriam de dizer que preparei um prato indigesto para os petistas de Vit\u00f3ria da Conquista; foi uma viol\u00eancia o que o tribunal e o Minist\u00e9rio P\u00fablico Eleitoral da Bahia fizeram em rela\u00e7\u00e3o \u00e0 minha candidatura\u201d.<\/p>\n<p>A cassa\u00e7\u00e3o dos direitos pol\u00edticos foi resultado de uma a\u00e7\u00e3o movida pela coliga\u00e7\u00e3o Frente Conquista Popular, que teve como cabe\u00e7a de chapa o prefeito Guilherme Menezes, reeleito no segundo turno em disputa com Herzem Gusm\u00e3o. Na a\u00e7\u00e3o, que foi arquivada em primeira inst\u00e2ncia, os petistas denunciaram que coment\u00e1rios feitos pelo radialista em 2011 desequilibraram a elei\u00e7\u00e3o.<\/p>\n","protected":false},"excerpt":{"rendered":"<p>O candidato a deputado estadual pelo PMDB, Herzem Gusm\u00e3o, quebrou o sil\u00eancio sobre o julgamento da Justi\u00e7a Eleitoral baiana que cassou seus direitos pol\u00edticos por oito anos \u2013 ele havia emitido apenas uma nota de esclarecimento at\u00e9 ent\u00e3o \u2013 e abriu o verbo contra o Tribunal Regional Eleitoral\/TRE e o Minist\u00e9rio P\u00fablico Eleitoral\/MPE que, na [&hellip;]<\/p>\n","protected":false},"author":2,"featured_media":0,"comment_status":"open","ping_status":"open","sticky":false,"template":"","format":"standard","meta":{"footnotes":"","_links_to":"","_links_to_target":""},"categories":[1],"tags":[],"class_list":["post-38729","post","type-post","status-publish","format-standard","hentry","category-geral"],"views":1353,"_links":{"self":[{"href":"https:\/\/www.sudoestehoje.com.br\/novoportal\/wp-json\/wp\/v2\/posts\/38729","targetHints":{"allow":["GET"]}}],"collection":[{"href":"https:\/\/www.sudoestehoje.com.br\/novoportal\/wp-json\/wp\/v2\/posts"}],"about":[{"href":"https:\/\/www.sudoestehoje.com.br\/novoportal\/wp-json\/wp\/v2\/types\/post"}],"author":[{"embeddable":true,"href":"https:\/\/www.sudoestehoje.com.br\/novoportal\/wp-json\/wp\/v2\/users\/2"}],"replies":[{"embeddable":true,"href":"https:\/\/www.sudoestehoje.com.br\/novoportal\/wp-json\/wp\/v2\/comments?post=38729"}],"version-history":[{"count":1,"href":"https:\/\/www.sudoestehoje.com.br\/novoportal\/wp-json\/wp\/v2\/posts\/38729\/revisions"}],"predecessor-version":[{"id":38730,"href":"https:\/\/www.sudoestehoje.com.br\/novoportal\/wp-json\/wp\/v2\/posts\/38729\/revisions\/38730"}],"wp:attachment":[{"href":"https:\/\/www.sudoestehoje.com.br\/novoportal\/wp-json\/wp\/v2\/media?parent=38729"}],"wp:term":[{"taxonomy":"category","embeddable":true,"href":"https:\/\/www.sudoestehoje.com.br\/novoportal\/wp-json\/wp\/v2\/categories?post=38729"},{"taxonomy":"post_tag","embeddable":true,"href":"https:\/\/www.sudoestehoje.com.br\/novoportal\/wp-json\/wp\/v2\/tags?post=38729"}],"curies":[{"name":"wp","href":"https:\/\/api.w.org\/{rel}","templated":true}]}}