
{"id":3871,"date":"2011-03-15T17:07:38","date_gmt":"2011-03-15T20:07:38","guid":{"rendered":"http:\/\/www.sudoestehoje.com.br\/novoportal\/?p=3871"},"modified":"2011-03-15T17:20:45","modified_gmt":"2011-03-15T20:20:45","slug":"itapetinga-ex-gerente-da-azaleia-abre-o-jogo-sobre-as-dificuldades-da-industria-na-regiao","status":"publish","type":"post","link":"https:\/\/www.sudoestehoje.com.br\/novoportal\/2011\/03\/15\/itapetinga-ex-gerente-da-azaleia-abre-o-jogo-sobre-as-dificuldades-da-industria-na-regiao\/","title":{"rendered":"EXCLUSIVO: EX-GERENTE DA AZAL\u00c9IA ABRE O JOGO SOBRE AS DIFICULDADES DA IND\u00daSTRIA EM ITAPETINGA"},"content":{"rendered":"<p style=\"text-align: center;\"><a href=\"http:\/\/www.sudoestehoje.com.br\/novoportal\/wp-content\/uploads\/2011\/03\/100_5067.jpg\"><img loading=\"lazy\" decoding=\"async\" class=\"size-medium wp-image-3873  aligncenter\" title=\"100_5067\" src=\"http:\/\/www.sudoestehoje.com.br\/novoportal\/wp-content\/uploads\/2011\/03\/100_5067-500x375.jpg\" alt=\"\" width=\"500\" height=\"375\" srcset=\"https:\/\/www.sudoestehoje.com.br\/novoportal\/wp-content\/uploads\/2011\/03\/100_5067-500x375.jpg 500w, https:\/\/www.sudoestehoje.com.br\/novoportal\/wp-content\/uploads\/2011\/03\/100_5067-1024x768.jpg 1024w\" sizes=\"auto, (max-width: 500px) 100vw, 500px\" \/><\/a><strong><em>Azal\u00e9ia pode estar a caminho das \u00cdndias<br \/>\n<\/em><\/strong><\/p>\n<p>\u00a0<\/p>\n<p>ITAPETINGA: Um colaborador do <em><strong>Sudoeste Hoje<\/strong><\/em>, que\u00a0pediu para n\u00e3o ser identificado, esteve conversando por telefone com o\u00a0com o ex-gerente da Vulcabr\u00e1s\/Azal\u00e9ia, Sr. Lauro Saldanha, obtendo algumas informa\u00e7\u00f5es sobre o destino da empresa, principalmente sobre a atual onda de demiss\u00f5es, al\u00e9m de uma poss\u00edvel transfer\u00eancia de parte da unidade sediada em Itapetinga, para uma nova f\u00e1brica que dever\u00e1 ser aberta na India. Embora a conversa do nosso interlocutor com o Sr. Lauro Saldanha tenha sido bem esclarecedora, algumas coisas chegam \u00e0 assustar. Vejam um resumo do que foi conversado:<\/p>\n<p>1. A Vulcabr\u00e1s \/ Azal\u00e9ia, no seu projeto de expans\u00e3o global, realmente vai abrir uma filial na \u00cdndia (perto de Nova Delhi). Saldanha dever\u00e1 assumir essa f\u00e1brica, levando daqui, inclusive, parte das m\u00e1quinas utilizadas na produ\u00e7\u00e3o. Com isto, parte da produ\u00e7\u00e3o da Bahia passar\u00e1 para a f\u00e1brica indiana, demitindo aqui, de quatro a cinco mil trabalhadores. O sal\u00e1rio na \u00cdndia \u00e9 85 d\u00f3lares, enquanto aqui este custo chega a quase 10 vezes mais;<\/p>\n<p>2. O governo cearense teria oferecido \u00e1 Vulcabr\u00e1s\/Azal\u00e9ia uma isen\u00e7\u00e3o fiscal por 50 anos. A dire\u00e7\u00e3o da empresa teria\u00a0procurado\u00a0Jaques Wagner para tratar deste assunto, mas at\u00e9 agora n\u00e3o obteve resposta\u00a0do governo da Bahia ;<\/p>\n<p>3. A empresa alega que o \u00edndice\u00a0de faltas de colaboradores (oper\u00e1rios) na f\u00e1brica em Itapetinga gira em torno de 20%\u00a0do efetivo\/m\u00eas, o que causa um grande prejuizo \u00e0 ind\u00fastria. S\u00f3 para comparar, em Sergipe esse \u00edndice n\u00e3o chega a 2%;<\/p>\n<p>4. Que a dire\u00e7\u00e3o da f\u00e1brica\u00a0 n\u00e3o sente confian\u00e7a no prefeito Jos\u00e9 Carlos Moura, que, segundo Saldanha, n\u00e3o se mostra disposto a ajudar a empresa na quest\u00e3o das isen\u00e7\u00f5es estaduais e municipais, s\u00f3 procurando a empresa quando precisa de patroc\u00ednio;<\/p>\n<p>5. Lauro finalizou afirmando que, pelo planejamento macro da Vulcabr\u00e1s, a planta de Itapetinga n\u00e3o ser\u00e1 desativada, pois \u00e9 a que mais d\u00e1 lucro. Mas, a depender do apoio nao encontrado aqui e encontrado em outro lugar, eles podem &#8220;migrar&#8221; a unidade fabril, j\u00e1 que tudo \u00e9 composto de galvanites e divis\u00f3rias (sem paredes e concreto).<\/p>\n<p>Assim,\u00a0 \u00e9 necess\u00e1rio que os nossos pol\u00edticos e\u00a0autoridades abram bem\u00a0os olhos e arregassem as mangas, pois\u00a0como dizem os economistas modernos, <em>&#8220;o capital n\u00e3o tem p\u00e1tria&#8221;.<br \/>\n<\/em><br \/>\n<strong><em>Por DAVI FERRAZ<\/em><\/strong><\/p>\n<p><strong>Foto:<\/strong> <em><strong>Sudoeste Hoje<\/strong><\/em><\/p>\n","protected":false},"excerpt":{"rendered":"<p>Azal\u00e9ia pode estar a caminho das \u00cdndias \u00a0 ITAPETINGA: Um colaborador do Sudoeste Hoje, que\u00a0pediu para n\u00e3o ser identificado, esteve conversando por telefone com o\u00a0com o ex-gerente da Vulcabr\u00e1s\/Azal\u00e9ia, Sr. Lauro Saldanha, obtendo algumas informa\u00e7\u00f5es sobre o destino da empresa, principalmente sobre a atual onda de demiss\u00f5es, al\u00e9m de uma poss\u00edvel transfer\u00eancia de parte da [&hellip;]<\/p>\n","protected":false},"author":2,"featured_media":0,"comment_status":"open","ping_status":"open","sticky":false,"template":"","format":"standard","meta":{"footnotes":"","_links_to":"","_links_to_target":""},"categories":[1],"tags":[],"class_list":["post-3871","post","type-post","status-publish","format-standard","hentry","category-geral"],"views":3116,"_links":{"self":[{"href":"https:\/\/www.sudoestehoje.com.br\/novoportal\/wp-json\/wp\/v2\/posts\/3871","targetHints":{"allow":["GET"]}}],"collection":[{"href":"https:\/\/www.sudoestehoje.com.br\/novoportal\/wp-json\/wp\/v2\/posts"}],"about":[{"href":"https:\/\/www.sudoestehoje.com.br\/novoportal\/wp-json\/wp\/v2\/types\/post"}],"author":[{"embeddable":true,"href":"https:\/\/www.sudoestehoje.com.br\/novoportal\/wp-json\/wp\/v2\/users\/2"}],"replies":[{"embeddable":true,"href":"https:\/\/www.sudoestehoje.com.br\/novoportal\/wp-json\/wp\/v2\/comments?post=3871"}],"version-history":[{"count":8,"href":"https:\/\/www.sudoestehoje.com.br\/novoportal\/wp-json\/wp\/v2\/posts\/3871\/revisions"}],"predecessor-version":[{"id":3880,"href":"https:\/\/www.sudoestehoje.com.br\/novoportal\/wp-json\/wp\/v2\/posts\/3871\/revisions\/3880"}],"wp:attachment":[{"href":"https:\/\/www.sudoestehoje.com.br\/novoportal\/wp-json\/wp\/v2\/media?parent=3871"}],"wp:term":[{"taxonomy":"category","embeddable":true,"href":"https:\/\/www.sudoestehoje.com.br\/novoportal\/wp-json\/wp\/v2\/categories?post=3871"},{"taxonomy":"post_tag","embeddable":true,"href":"https:\/\/www.sudoestehoje.com.br\/novoportal\/wp-json\/wp\/v2\/tags?post=3871"}],"curies":[{"name":"wp","href":"https:\/\/api.w.org\/{rel}","templated":true}]}}