
{"id":38709,"date":"2014-07-05T09:53:01","date_gmt":"2014-07-05T12:53:01","guid":{"rendered":"http:\/\/www.sudoestehoje.com.br\/novoportal\/?p=38709"},"modified":"2014-07-05T10:17:14","modified_gmt":"2014-07-05T13:17:14","slug":"fifa-vai-investigar-lance-que-tirou-neymar-da-copa-do-mundo","status":"publish","type":"post","link":"https:\/\/www.sudoestehoje.com.br\/novoportal\/2014\/07\/05\/fifa-vai-investigar-lance-que-tirou-neymar-da-copa-do-mundo\/","title":{"rendered":"FIFA VAI INVESTIGAR LANCE QUE TIROU NEYMAR DA COPA DO MUNDO"},"content":{"rendered":"<p><img decoding=\"async\" class=\"aligncenter\" alt=\"\" src=\"https:\/\/blogdotarso.files.wordpress.com\/2014\/07\/ac987ff0-03ca-11e4-b87b-8576ba47f2a6_451704284.jpg\" width=\"500\" \/><\/p>\n<p>A Fifa anuncia que vai examinar o lance que<a href=\"http:\/\/www.bahianoticias.com.br\/esportes\/noticia\/32761-neymar-sofre-fratura-e-esta-fora-da-copa-do-mundo.html\" target=\"_blank\"><strong>\u00a0tirou Neymar da Copa do Mundo<\/strong><\/a>. Imagens e informes ser\u00e3o avaliados a partir deste s\u00e1bado e o caso ser\u00e1 examinado pelo Comit\u00ea de Disciplina da entidade, no Rio de Janeiro.\u00a0Enquanto isso, assessores legais pr\u00f3ximos \u00e0 CBF j\u00e1 examinam a possibilidade de pedir \u00e0 Fifa que abra uma investiga\u00e7\u00e3o contra o jogador colombiano Juan Zu\u00f1iga, que no jogo desta sexta-feira em Fortaleza atingiu Neymar e o tirou da Copa do Mundo.<\/p>\n<p>A meta dos brasileiros \u00e9 a de conseguir uma puni\u00e7\u00e3o equivalente ao que o jogador uruguaio Luis Su\u00e1rez obteve depois de morder um advers\u00e1rio.\u00a0A joelhada n\u00e3o foi vista pelo \u00e1rbitro e o jogo seguiu, sem mesmo uma falta. Mas a porta-voz da Fifa, Delia Fischer, confirmou na noite de sexta-feira que a entidade aguarda o relat\u00f3rio do \u00e1rbitro e ainda vai colher material para investigar o caso.\u00a0&#8220;Vamos reunir e analisar o material necess\u00e1rio com o objetivo de avaliar o caso&#8221;, declarou Fischer.<\/p>\n<p>Assim que os exames revelaram a gravidade da contus\u00e3o, os advogados entraram em a\u00e7\u00e3o para estudar todas as possibilidades legais. O lance representou o fim da participa\u00e7\u00e3o do craque brasileiro das semifinais e eventualmente de uma grande final no Maracan\u00e3.<\/p>\n<p>A avalia\u00e7\u00e3o \u00e9 de que se, por uma mordida que sequer tirou o advers\u00e1rio do Mundial, um lance que coloca em risco outro atleta deveria ter, no m\u00ednimo, o mesmo n\u00edvel de puni\u00e7\u00e3o. Su\u00e1rez foi punido com nove partidas de suspens\u00e3o, quatro meses afastado do futebol e multa. Isso tudo mesmo que o \u00e1rbitro n\u00e3o tenha visto no jogo o lance da mordida.<\/p>\n<p>A reportagem apurou que, no caso de Neymar, o Comit\u00ea de Disciplina vai pedir as imagens do jogo e, neste s\u00e1bado, examinar\u00e1 a situa\u00e7\u00e3o.<\/p>\n<p>&nbsp;<\/p>\n<p><img decoding=\"async\" class=\"aligncenter\" alt=\"Turmalina1\" src=\"http:\/\/www.sudoestehoje.com.br\/novoportal\/wp-content\/uploads\/2014\/06\/Turmalina12-500x168.jpg\" \/><\/p>\n","protected":false},"excerpt":{"rendered":"<p>A Fifa anuncia que vai examinar o lance que\u00a0tirou Neymar da Copa do Mundo. Imagens e informes ser\u00e3o avaliados a partir deste s\u00e1bado e o caso ser\u00e1 examinado pelo Comit\u00ea de Disciplina da entidade, no Rio de Janeiro.\u00a0Enquanto isso, assessores legais pr\u00f3ximos \u00e0 CBF j\u00e1 examinam a possibilidade de pedir \u00e0 Fifa que abra uma [&hellip;]<\/p>\n","protected":false},"author":2,"featured_media":0,"comment_status":"open","ping_status":"open","sticky":false,"template":"","format":"standard","meta":{"footnotes":"","_links_to":"","_links_to_target":""},"categories":[1],"tags":[],"class_list":["post-38709","post","type-post","status-publish","format-standard","hentry","category-geral"],"views":1314,"_links":{"self":[{"href":"https:\/\/www.sudoestehoje.com.br\/novoportal\/wp-json\/wp\/v2\/posts\/38709","targetHints":{"allow":["GET"]}}],"collection":[{"href":"https:\/\/www.sudoestehoje.com.br\/novoportal\/wp-json\/wp\/v2\/posts"}],"about":[{"href":"https:\/\/www.sudoestehoje.com.br\/novoportal\/wp-json\/wp\/v2\/types\/post"}],"author":[{"embeddable":true,"href":"https:\/\/www.sudoestehoje.com.br\/novoportal\/wp-json\/wp\/v2\/users\/2"}],"replies":[{"embeddable":true,"href":"https:\/\/www.sudoestehoje.com.br\/novoportal\/wp-json\/wp\/v2\/comments?post=38709"}],"version-history":[{"count":2,"href":"https:\/\/www.sudoestehoje.com.br\/novoportal\/wp-json\/wp\/v2\/posts\/38709\/revisions"}],"predecessor-version":[{"id":38713,"href":"https:\/\/www.sudoestehoje.com.br\/novoportal\/wp-json\/wp\/v2\/posts\/38709\/revisions\/38713"}],"wp:attachment":[{"href":"https:\/\/www.sudoestehoje.com.br\/novoportal\/wp-json\/wp\/v2\/media?parent=38709"}],"wp:term":[{"taxonomy":"category","embeddable":true,"href":"https:\/\/www.sudoestehoje.com.br\/novoportal\/wp-json\/wp\/v2\/categories?post=38709"},{"taxonomy":"post_tag","embeddable":true,"href":"https:\/\/www.sudoestehoje.com.br\/novoportal\/wp-json\/wp\/v2\/tags?post=38709"}],"curies":[{"name":"wp","href":"https:\/\/api.w.org\/{rel}","templated":true}]}}