
{"id":38704,"date":"2014-07-04T16:14:26","date_gmt":"2014-07-04T19:14:26","guid":{"rendered":"http:\/\/www.sudoestehoje.com.br\/novoportal\/?p=38704"},"modified":"2014-07-05T10:19:21","modified_gmt":"2014-07-05T13:19:21","slug":"brasil-entra-em-campo-com-maicon-na-lateral-e-paulinho-no-meio-campo","status":"publish","type":"post","link":"https:\/\/www.sudoestehoje.com.br\/novoportal\/2014\/07\/04\/brasil-entra-em-campo-com-maicon-na-lateral-e-paulinho-no-meio-campo\/","title":{"rendered":"BRASIL ENTRA EM CAMPO COM MAICON NA LATERAL E PAULINHO NO MEIO CAMPO"},"content":{"rendered":"<div>\n<div><img decoding=\"async\" class=\"aligncenter\" alt=\"\" src=\"http:\/\/blog.aktualne.cz\/media\/102\/20100511-maicon.jpg\" width=\"500\" \/><\/div>\n<div id=\"cke_pastebin\">A sele\u00e7\u00e3o brasileira j\u00e1 est\u00e1 escalada para a partida contra a Col\u00f4mbia nesta sexta-feira (4). Al\u00e9m do meio-campo com Fernandinho e Paulinho, o t\u00e9cnico Luiz Felipe Scolari escalou o lateral-direito Maicon no lugar de Daniel Alves. Apesar de Fred ter sido substitu\u00eddo durante os treinamentos na Granja Comary, o centroavante ter\u00e1 mais uma chance no duelo v\u00e1lido pelas quartas de final, que come\u00e7a \u00e0s 17h, na Arena Castel\u00e3o, em Fortaleza. Confira as escala\u00e7\u00f5es:<\/div>\n<div id=\"cke_pastebin\"><\/div>\n<div id=\"cke_pastebin\">Brasil: Julio C\u00e9sar; Maicon, Thiago Silva, David Luiz, Marcelo; Fernandinho, Paulinho; Hulk, Oscar, Neymar; Fred.<\/div>\n<div id=\"cke_pastebin\"><\/div>\n<div id=\"cke_pastebin\">Col\u00f4mbia: Ospina; Zapata, Yepes, Armero, Z\u00fa\u00f1iga; S\u00e1nchez, Guar\u00edn, Cuadrado, Rodriguez, Ibarbo, Gutierrez.<\/div>\n<div><\/div>\n<div><\/div>\n<div><img decoding=\"async\" class=\"aligncenter\" alt=\"\u00d3TICA-ITAPUAN-BANNER1\" src=\"http:\/\/www.sudoestehoje.com.br\/novoportal\/wp-content\/uploads\/2014\/06\/%C3%93TICA-ITAPUAN-BANNER14.jpg\" \/><\/div>\n<p><strong>\u00a0<\/strong><\/p>\n<\/div>\n","protected":false},"excerpt":{"rendered":"<p>A sele\u00e7\u00e3o brasileira j\u00e1 est\u00e1 escalada para a partida contra a Col\u00f4mbia nesta sexta-feira (4). Al\u00e9m do meio-campo com Fernandinho e Paulinho, o t\u00e9cnico Luiz Felipe Scolari escalou o lateral-direito Maicon no lugar de Daniel Alves. Apesar de Fred ter sido substitu\u00eddo durante os treinamentos na Granja Comary, o centroavante ter\u00e1 mais uma chance no [&hellip;]<\/p>\n","protected":false},"author":2,"featured_media":0,"comment_status":"open","ping_status":"open","sticky":false,"template":"","format":"standard","meta":{"footnotes":"","_links_to":"","_links_to_target":""},"categories":[1],"tags":[],"class_list":["post-38704","post","type-post","status-publish","format-standard","hentry","category-geral"],"views":4110,"_links":{"self":[{"href":"https:\/\/www.sudoestehoje.com.br\/novoportal\/wp-json\/wp\/v2\/posts\/38704","targetHints":{"allow":["GET"]}}],"collection":[{"href":"https:\/\/www.sudoestehoje.com.br\/novoportal\/wp-json\/wp\/v2\/posts"}],"about":[{"href":"https:\/\/www.sudoestehoje.com.br\/novoportal\/wp-json\/wp\/v2\/types\/post"}],"author":[{"embeddable":true,"href":"https:\/\/www.sudoestehoje.com.br\/novoportal\/wp-json\/wp\/v2\/users\/2"}],"replies":[{"embeddable":true,"href":"https:\/\/www.sudoestehoje.com.br\/novoportal\/wp-json\/wp\/v2\/comments?post=38704"}],"version-history":[{"count":2,"href":"https:\/\/www.sudoestehoje.com.br\/novoportal\/wp-json\/wp\/v2\/posts\/38704\/revisions"}],"predecessor-version":[{"id":38715,"href":"https:\/\/www.sudoestehoje.com.br\/novoportal\/wp-json\/wp\/v2\/posts\/38704\/revisions\/38715"}],"wp:attachment":[{"href":"https:\/\/www.sudoestehoje.com.br\/novoportal\/wp-json\/wp\/v2\/media?parent=38704"}],"wp:term":[{"taxonomy":"category","embeddable":true,"href":"https:\/\/www.sudoestehoje.com.br\/novoportal\/wp-json\/wp\/v2\/categories?post=38704"},{"taxonomy":"post_tag","embeddable":true,"href":"https:\/\/www.sudoestehoje.com.br\/novoportal\/wp-json\/wp\/v2\/tags?post=38704"}],"curies":[{"name":"wp","href":"https:\/\/api.w.org\/{rel}","templated":true}]}}