
{"id":387,"date":"2010-08-06T09:56:10","date_gmt":"2010-08-06T12:56:10","guid":{"rendered":"http:\/\/sudoestehoje.tempsite.ws\/novoportal\/?p=387"},"modified":"2010-09-18T15:14:58","modified_gmt":"2010-09-18T18:14:58","slug":"eleicoes-2010-wagner-faz-carreatas-em-4-municipios","status":"publish","type":"post","link":"https:\/\/www.sudoestehoje.com.br\/novoportal\/2010\/08\/06\/eleicoes-2010-wagner-faz-carreatas-em-4-municipios\/","title":{"rendered":"ELEI\u00c7\u00d5ES 2010: WAGNER FAZ CARREATAS EM 4 MUNIC\u00cdPIOS"},"content":{"rendered":"<div><a href=\"http:\/\/www.politicalivre.com.br\/wp-content\/uploads\/2010\/07\/Wagneremfeira.gif\"><\/p>\n<div style=\"text-align: center;\"><img loading=\"lazy\" decoding=\"async\" title=\"Wagneremfeira\" src=\"http:\/\/www.politicalivre.com.br\/wp-content\/uploads\/2010\/07\/Wagneremfeira-300x212.gif\" border=\"0\" alt=\"\" width=\"300\" height=\"212\" \/><\/div>\n<p><\/a><\/p>\n<p style=\"text-align: center;\"><strong>Wagner faz carreata em munic\u00edpios beneficiado pela sua gest\u00e3o<\/strong><\/p>\n<p>O  governador e candidato \u00e0 reelei\u00e7\u00e3o, Jaques Wagner, ao lado dos  integrantes da chapa majorit\u00e1ria, Otto Alencar (vice), Walter Pinheiro e  L\u00eddice da Mata (Senado), participou ontem de quatro carreatas nas  cidades de Catu, Pojuca, Mata de S\u00e3o Jo\u00e3o e Dias D\u2019\u00c1vila, encerrando os  atos p\u00fablicos, \u00e0 noite, com um com\u00edcio em Cama\u00e7ari, na Regi\u00e3o  Metropolitana de Salvador. Ele ressaltou que os munic\u00edpios visitados por  ele foram beneficiados com recursos superiores a R$110 milh\u00f5es, em  obras de abastecimento de \u00e1gua e luz, programas habitacionais,  alfabetiza\u00e7\u00e3o, seguran\u00e7a p\u00fablica, sa\u00fade e recupera\u00e7\u00e3o de estradas.  (Tribuna)<\/p>\n<\/div>\n","protected":false},"excerpt":{"rendered":"<p>Wagner faz carreata em munic\u00edpios beneficiado pela sua gest\u00e3o O governador e candidato \u00e0 reelei\u00e7\u00e3o, Jaques Wagner, ao lado dos integrantes da chapa majorit\u00e1ria, Otto Alencar (vice), Walter Pinheiro e L\u00eddice da Mata (Senado), participou ontem de quatro carreatas nas cidades de Catu, Pojuca, Mata de S\u00e3o Jo\u00e3o e Dias D\u2019\u00c1vila, encerrando os atos p\u00fablicos, [&hellip;]<\/p>\n","protected":false},"author":1,"featured_media":0,"comment_status":"open","ping_status":"open","sticky":false,"template":"","format":"standard","meta":{"footnotes":"","_links_to":"","_links_to_target":""},"categories":[1],"tags":[],"class_list":["post-387","post","type-post","status-publish","format-standard","hentry","category-geral"],"views":1214,"_links":{"self":[{"href":"https:\/\/www.sudoestehoje.com.br\/novoportal\/wp-json\/wp\/v2\/posts\/387","targetHints":{"allow":["GET"]}}],"collection":[{"href":"https:\/\/www.sudoestehoje.com.br\/novoportal\/wp-json\/wp\/v2\/posts"}],"about":[{"href":"https:\/\/www.sudoestehoje.com.br\/novoportal\/wp-json\/wp\/v2\/types\/post"}],"author":[{"embeddable":true,"href":"https:\/\/www.sudoestehoje.com.br\/novoportal\/wp-json\/wp\/v2\/users\/1"}],"replies":[{"embeddable":true,"href":"https:\/\/www.sudoestehoje.com.br\/novoportal\/wp-json\/wp\/v2\/comments?post=387"}],"version-history":[{"count":1,"href":"https:\/\/www.sudoestehoje.com.br\/novoportal\/wp-json\/wp\/v2\/posts\/387\/revisions"}],"predecessor-version":[{"id":388,"href":"https:\/\/www.sudoestehoje.com.br\/novoportal\/wp-json\/wp\/v2\/posts\/387\/revisions\/388"}],"wp:attachment":[{"href":"https:\/\/www.sudoestehoje.com.br\/novoportal\/wp-json\/wp\/v2\/media?parent=387"}],"wp:term":[{"taxonomy":"category","embeddable":true,"href":"https:\/\/www.sudoestehoje.com.br\/novoportal\/wp-json\/wp\/v2\/categories?post=387"},{"taxonomy":"post_tag","embeddable":true,"href":"https:\/\/www.sudoestehoje.com.br\/novoportal\/wp-json\/wp\/v2\/tags?post=387"}],"curies":[{"name":"wp","href":"https:\/\/api.w.org\/{rel}","templated":true}]}}