
{"id":38693,"date":"2014-07-03T21:25:08","date_gmt":"2014-07-04T00:25:08","guid":{"rendered":"http:\/\/www.sudoestehoje.com.br\/novoportal\/?p=38693"},"modified":"2014-07-05T10:21:02","modified_gmt":"2014-07-05T13:21:02","slug":"servidores-do-legislativo-protestam-durante-sessao-da-camara","status":"publish","type":"post","link":"https:\/\/www.sudoestehoje.com.br\/novoportal\/2014\/07\/03\/servidores-do-legislativo-protestam-durante-sessao-da-camara\/","title":{"rendered":"SERVIDORES DO LEGISLATIVO PROTESTAM DURANTE SESS\u00c3O DA C\u00c2MARA"},"content":{"rendered":"<p><a href=\"http:\/\/www.sudoestehoje.com.br\/novoportal\/wp-content\/uploads\/2014\/07\/servidores-c\u00e2mara.jpg\"><img loading=\"lazy\" decoding=\"async\" class=\"aligncenter size-medium wp-image-38694\" alt=\"servidores c\u00e2mara\" src=\"http:\/\/www.sudoestehoje.com.br\/novoportal\/wp-content\/uploads\/2014\/07\/servidores-c\u00e2mara-500x280.jpg\" width=\"500\" height=\"280\" srcset=\"https:\/\/www.sudoestehoje.com.br\/novoportal\/wp-content\/uploads\/2014\/07\/servidores-c\u00e2mara-500x280.jpg 500w, https:\/\/www.sudoestehoje.com.br\/novoportal\/wp-content\/uploads\/2014\/07\/servidores-c\u00e2mara-700x393.jpg 700w, https:\/\/www.sudoestehoje.com.br\/novoportal\/wp-content\/uploads\/2014\/07\/servidores-c\u00e2mara.jpg 960w\" sizes=\"auto, (max-width: 500px) 100vw, 500px\" \/><\/a><\/p>\n<p>ITAPETINGA: Em campanha por reajuste salarial e outros direitos e vantagens previstos em lei, os servidores efetivos da C\u00e2mara de vereadores de Itapetinga resolveram levar os seus pleitos e descontentamento \u00a0para o plen\u00e1rio legislativo, durante a sess\u00e3o desta quinta-feira.<\/p>\n<p>Portando faixas de protesto, os manifestantes esperam sensibilizar a mesa diretora e os demais vereadores, visando uma negocia\u00e7\u00e3o equilibrada que atenda aos interesses da C\u00e2mara e dos servidores da casa.<\/p>\n<p>CHAMARAM A POL\u00cdCIA<\/p>\n<p>Apesar da manifesta\u00e7\u00e3o dos servidores efetivos da c\u00e2mara ter sido de car\u00e1ter pac\u00edfico, a mesa diretora requisitou for\u00e7a policial para o local, o que gerou revolta e protestos dos vereadores da oposi\u00e7\u00e3o e dos manifestantes.<\/p>\n<p>Em contato com a nossa reda\u00e7\u00e3o, o vereador Alfredo Cabral manifestou o seu rep\u00fadio contra essa atitude da mesa e lembrou que a comunidade necessita mais da pol\u00edcia nas ruas, que nas sess\u00f5es da c\u00e2mara, que devem ser sempre democr\u00e1ticas e abertas para os debates de interesse da sociedade.<\/p>\n<p><strong><em>Por Davi Ferraz\u00a0<\/em><\/strong><\/p>\n<p>&nbsp;<\/p>\n<p><img decoding=\"async\" class=\"aligncenter\" alt=\"Turmalina 1\" src=\"http:\/\/www.sudoestehoje.com.br\/novoportal\/wp-content\/uploads\/2014\/06\/Turmalina-13-500x166.jpg\" \/><\/p>\n","protected":false},"excerpt":{"rendered":"<p>ITAPETINGA: Em campanha por reajuste salarial e outros direitos e vantagens previstos em lei, os servidores efetivos da C\u00e2mara de vereadores de Itapetinga resolveram levar os seus pleitos e descontentamento \u00a0para o plen\u00e1rio legislativo, durante a sess\u00e3o desta quinta-feira. Portando faixas de protesto, os manifestantes esperam sensibilizar a mesa diretora e os demais vereadores, visando [&hellip;]<\/p>\n","protected":false},"author":2,"featured_media":0,"comment_status":"open","ping_status":"open","sticky":false,"template":"","format":"standard","meta":{"footnotes":"","_links_to":"","_links_to_target":""},"categories":[1],"tags":[],"class_list":["post-38693","post","type-post","status-publish","format-standard","hentry","category-geral"],"views":1121,"_links":{"self":[{"href":"https:\/\/www.sudoestehoje.com.br\/novoportal\/wp-json\/wp\/v2\/posts\/38693","targetHints":{"allow":["GET"]}}],"collection":[{"href":"https:\/\/www.sudoestehoje.com.br\/novoportal\/wp-json\/wp\/v2\/posts"}],"about":[{"href":"https:\/\/www.sudoestehoje.com.br\/novoportal\/wp-json\/wp\/v2\/types\/post"}],"author":[{"embeddable":true,"href":"https:\/\/www.sudoestehoje.com.br\/novoportal\/wp-json\/wp\/v2\/users\/2"}],"replies":[{"embeddable":true,"href":"https:\/\/www.sudoestehoje.com.br\/novoportal\/wp-json\/wp\/v2\/comments?post=38693"}],"version-history":[{"count":4,"href":"https:\/\/www.sudoestehoje.com.br\/novoportal\/wp-json\/wp\/v2\/posts\/38693\/revisions"}],"predecessor-version":[{"id":38716,"href":"https:\/\/www.sudoestehoje.com.br\/novoportal\/wp-json\/wp\/v2\/posts\/38693\/revisions\/38716"}],"wp:attachment":[{"href":"https:\/\/www.sudoestehoje.com.br\/novoportal\/wp-json\/wp\/v2\/media?parent=38693"}],"wp:term":[{"taxonomy":"category","embeddable":true,"href":"https:\/\/www.sudoestehoje.com.br\/novoportal\/wp-json\/wp\/v2\/categories?post=38693"},{"taxonomy":"post_tag","embeddable":true,"href":"https:\/\/www.sudoestehoje.com.br\/novoportal\/wp-json\/wp\/v2\/tags?post=38693"}],"curies":[{"name":"wp","href":"https:\/\/api.w.org\/{rel}","templated":true}]}}