
{"id":38682,"date":"2014-07-03T08:29:08","date_gmt":"2014-07-03T11:29:08","guid":{"rendered":"http:\/\/www.sudoestehoje.com.br\/novoportal\/?p=38682"},"modified":"2014-07-03T08:37:48","modified_gmt":"2014-07-03T11:37:48","slug":"eleicao-para-nova-mesa-diretora-da-camara-de-vereadores-travou","status":"publish","type":"post","link":"https:\/\/www.sudoestehoje.com.br\/novoportal\/2014\/07\/03\/eleicao-para-nova-mesa-diretora-da-camara-de-vereadores-travou\/","title":{"rendered":"ELEI\u00c7\u00c3O TRAVADA NA C\u00c2MARA DE VEREADORES"},"content":{"rendered":"<p>Numa situa\u00e7\u00e3o normal, a elei\u00e7\u00e3o da mesa diretora da C\u00e2mara de Vereadores deveria ser realizada no final do mandato dos dirigentes atuais, ou seja, no primeiro dia do novo ano legislativo. No entanto, para evitar que algum vereador se desgarre da bancada governista e engrosse as fileiras da oposi\u00e7\u00e3o, os articuladores do PDT tentaram por duas vezes antecipar o pleito, o que foi barrado na justi\u00e7a, pela oposi\u00e7\u00e3o. Nas duas senten\u00e7as, o Juiz observou descumprimento do regimento interno, quanto ao processo de convoca\u00e7\u00e3o, feito sem a devida publicidade, o direito ao debate e \u00e0 articula\u00e7\u00e3o natural de situa\u00e7\u00e3o e oposi\u00e7\u00e3o.<\/p>\n<p><img decoding=\"async\" class=\"aligncenter\" alt=\"_\" src=\"http:\/\/www.blogdodigadiga.com.br\/v1\/wp-content\/uploads\/2013\/05\/CMI.jpg\" width=\"500\" \/><\/p>\n<p>Por \u00faltimo, antes da festa do S\u00e3o Jo\u00e3o, novamente a presidente da Casa N\u00edvia Oliveira apresentou projeto de resolu\u00e7\u00e3o para discuss\u00e3o e vota\u00e7\u00e3o propondo a nova data de 01 de Julho. A oposi\u00e7\u00e3o atrav\u00e9s da vereadora Naara pediu vistas do projeto e nas sess\u00f5es seguintes promoveu obstru\u00e7\u00e3o da mat\u00e9ria. Como resultado a elei\u00e7\u00e3o n\u00e3o foi aprovada e nem tem data para acontecer.<\/p>\n<p>O entendimento do judici\u00e1rio \u00e9 claro. Admite que antecipar \u00e9 diferente de adiantamento do processo. Antecipa\u00e7\u00e3o seria entendida como mudan\u00e7a do dia no final do recesso parlamentar, portanto pr\u00f3ximo do prazo final de realiza\u00e7\u00e3o pleito, que no caso seria de 1\u00ba de\u00a0Janeiro. Adiantar em seis meses a elei\u00e7\u00e3o foge a regra e o bom senso e n\u00e3o tem justificativa.<\/p>\n<p>Como a manobra n\u00e3o deu certo para garantir a indica\u00e7\u00e3o de Valdeir Chagas do PDT na presid\u00eancia, Romildo e o Dr. Tiquinho sofrem uma derrota antecipada e a elei\u00e7\u00e3o fica sem data. O prefeito mais uma vez fez a escolha errada e poder\u00e1 passar por mais um desgaste. JCM cada dia mais se distancia do \u00fanico vereador do PT e aliados e jura eterno amor ao PDT, inclusive com possibilidade da indica\u00e7\u00e3o de seu sucessor. Por Z\u00e9 Ferreira<\/p>\n","protected":false},"excerpt":{"rendered":"<p>Numa situa\u00e7\u00e3o normal, a elei\u00e7\u00e3o da mesa diretora da C\u00e2mara de Vereadores deveria ser realizada no final do mandato dos dirigentes atuais, ou seja, no primeiro dia do novo ano legislativo. No entanto, para evitar que algum vereador se desgarre da bancada governista e engrosse as fileiras da oposi\u00e7\u00e3o, os articuladores do PDT tentaram por [&hellip;]<\/p>\n","protected":false},"author":2,"featured_media":0,"comment_status":"open","ping_status":"open","sticky":false,"template":"","format":"standard","meta":{"footnotes":"","_links_to":"","_links_to_target":""},"categories":[1],"tags":[],"class_list":["post-38682","post","type-post","status-publish","format-standard","hentry","category-geral"],"views":1076,"_links":{"self":[{"href":"https:\/\/www.sudoestehoje.com.br\/novoportal\/wp-json\/wp\/v2\/posts\/38682","targetHints":{"allow":["GET"]}}],"collection":[{"href":"https:\/\/www.sudoestehoje.com.br\/novoportal\/wp-json\/wp\/v2\/posts"}],"about":[{"href":"https:\/\/www.sudoestehoje.com.br\/novoportal\/wp-json\/wp\/v2\/types\/post"}],"author":[{"embeddable":true,"href":"https:\/\/www.sudoestehoje.com.br\/novoportal\/wp-json\/wp\/v2\/users\/2"}],"replies":[{"embeddable":true,"href":"https:\/\/www.sudoestehoje.com.br\/novoportal\/wp-json\/wp\/v2\/comments?post=38682"}],"version-history":[{"count":4,"href":"https:\/\/www.sudoestehoje.com.br\/novoportal\/wp-json\/wp\/v2\/posts\/38682\/revisions"}],"predecessor-version":[{"id":38686,"href":"https:\/\/www.sudoestehoje.com.br\/novoportal\/wp-json\/wp\/v2\/posts\/38682\/revisions\/38686"}],"wp:attachment":[{"href":"https:\/\/www.sudoestehoje.com.br\/novoportal\/wp-json\/wp\/v2\/media?parent=38682"}],"wp:term":[{"taxonomy":"category","embeddable":true,"href":"https:\/\/www.sudoestehoje.com.br\/novoportal\/wp-json\/wp\/v2\/categories?post=38682"},{"taxonomy":"post_tag","embeddable":true,"href":"https:\/\/www.sudoestehoje.com.br\/novoportal\/wp-json\/wp\/v2\/tags?post=38682"}],"curies":[{"name":"wp","href":"https:\/\/api.w.org\/{rel}","templated":true}]}}