
{"id":38680,"date":"2014-07-02T23:44:05","date_gmt":"2014-07-03T02:44:05","guid":{"rendered":"http:\/\/www.sudoestehoje.com.br\/novoportal\/?p=38680"},"modified":"2014-07-02T23:44:05","modified_gmt":"2014-07-03T02:44:05","slug":"pstu-registra-candidatura-ao-governo","status":"publish","type":"post","link":"https:\/\/www.sudoestehoje.com.br\/novoportal\/2014\/07\/02\/pstu-registra-candidatura-ao-governo\/","title":{"rendered":"PSTU REGISTRA CANDIDATURA AO GOVERNO"},"content":{"rendered":"<p><img decoding=\"async\" class=\"aligncenter\" alt=\"Renata Mallet Guena\" src=\"http:\/\/blogdofabiosena.com.br\/v2\/wp-content\/uploads\/Renata-Mallet-Guena.jpg\" width=\"500\" \/><\/p>\n<p>Foi protocolado no Tribunal Regional Eleitoral da Bahia (TRE-BA) nesta segunda-feira, 30 de junho, o primeiro requerimento de registro de candidatos para as elei\u00e7\u00f5es 2014 no estado. O pedido \u00e9 do Partido Socialista dos Trabalhadores Unificado (PSTU), que solicita para a banc\u00e1ria Renata Mallet Guena, de 32 anos, o registro para concorrer ao cargo de Governador juntamente com Carlos Jos\u00e9 Bispo do Nascimento como vice.<\/p>\n<p>Caso deferido, a candidatura ser\u00e1 lan\u00e7ada nas urnas com o n\u00famero 16.\u00a0A previs\u00e3o de gastos da candidata a Governadora \u00e9 de R$150 mil. Em chapa \u00fanica, o PSTU solicita ainda os registros para concorrer aos cargos de Deputado Federal, com Gildasio de Cerqueira Daltro Filho, cujo n\u00famero de urna proposto \u00e9 1616, e Gabriela Prot\u00e1sio Mota, com o n\u00famero 1620. Para o cargo de Deputado Estadual foi pedido o registro de Jos\u00e9 Roberto da Silva (n\u00famero 16123). Blog do Fabio Sena<\/p>\n","protected":false},"excerpt":{"rendered":"<p>Foi protocolado no Tribunal Regional Eleitoral da Bahia (TRE-BA) nesta segunda-feira, 30 de junho, o primeiro requerimento de registro de candidatos para as elei\u00e7\u00f5es 2014 no estado. O pedido \u00e9 do Partido Socialista dos Trabalhadores Unificado (PSTU), que solicita para a banc\u00e1ria Renata Mallet Guena, de 32 anos, o registro para concorrer ao cargo de [&hellip;]<\/p>\n","protected":false},"author":2,"featured_media":0,"comment_status":"open","ping_status":"open","sticky":false,"template":"","format":"standard","meta":{"footnotes":"","_links_to":"","_links_to_target":""},"categories":[1],"tags":[],"class_list":["post-38680","post","type-post","status-publish","format-standard","hentry","category-geral"],"views":1119,"_links":{"self":[{"href":"https:\/\/www.sudoestehoje.com.br\/novoportal\/wp-json\/wp\/v2\/posts\/38680","targetHints":{"allow":["GET"]}}],"collection":[{"href":"https:\/\/www.sudoestehoje.com.br\/novoportal\/wp-json\/wp\/v2\/posts"}],"about":[{"href":"https:\/\/www.sudoestehoje.com.br\/novoportal\/wp-json\/wp\/v2\/types\/post"}],"author":[{"embeddable":true,"href":"https:\/\/www.sudoestehoje.com.br\/novoportal\/wp-json\/wp\/v2\/users\/2"}],"replies":[{"embeddable":true,"href":"https:\/\/www.sudoestehoje.com.br\/novoportal\/wp-json\/wp\/v2\/comments?post=38680"}],"version-history":[{"count":1,"href":"https:\/\/www.sudoestehoje.com.br\/novoportal\/wp-json\/wp\/v2\/posts\/38680\/revisions"}],"predecessor-version":[{"id":38681,"href":"https:\/\/www.sudoestehoje.com.br\/novoportal\/wp-json\/wp\/v2\/posts\/38680\/revisions\/38681"}],"wp:attachment":[{"href":"https:\/\/www.sudoestehoje.com.br\/novoportal\/wp-json\/wp\/v2\/media?parent=38680"}],"wp:term":[{"taxonomy":"category","embeddable":true,"href":"https:\/\/www.sudoestehoje.com.br\/novoportal\/wp-json\/wp\/v2\/categories?post=38680"},{"taxonomy":"post_tag","embeddable":true,"href":"https:\/\/www.sudoestehoje.com.br\/novoportal\/wp-json\/wp\/v2\/tags?post=38680"}],"curies":[{"name":"wp","href":"https:\/\/api.w.org\/{rel}","templated":true}]}}